{"id":157584,"date":"2025-06-01T20:51:16","date_gmt":"2025-06-01T20:51:16","guid":{"rendered":"https:\/\/www.europesays.com\/de\/157584\/"},"modified":"2025-06-01T20:51:16","modified_gmt":"2025-06-01T20:51:16","slug":"die-muenchner-architekten-allmann-und-wappner-ueber-ihre-projekte-muenchen","status":"publish","type":"post","link":"https:\/\/www.europesays.com\/de\/157584\/","title":{"rendered":"Die M\u00fcnchner Architekten Allmann und Wappner \u00fcber ihre Projekte &#8211; M\u00fcnchen"},"content":{"rendered":"<p data-manual=\"teaserText\" data-schema-org-speakable=\"true\" class=\"css-vzdvax\">Sie arbeiten f\u00fcr die reichsten Konzerne der Welt, sind von Ren\u00e9 Benkos Pleite betroffen und planen zugleich ein gemeinn\u00fctziges Hospiz: Wie die M\u00fcnchner Architekten Markus Allmann und Ludwig Wappner in ihrem Arbeitsalltag verschiedene Welten zusammenbringen.<\/p>\n<p data-manual=\"paragraph\" data-schema-org-speakable=\"true\" class=\"css-4bdi0k\">Das Architekturb\u00fcro Allmann Wappner ist nicht nur eines der gr\u00f6\u00dften in <a href=\"https:\/\/www.sueddeutsche.de\/thema\/M%C3%BCnchen\" target=\"_blank\" rel=\"noopener\">M\u00fcnchen<\/a>. Es hat in den vergangenen 30 Jahren auch zahlreiche Geb\u00e4ude entworfen, die das Stadtbild pr\u00e4gen: von der Herz-Jesu-Kirche in Neuhausen \u00fcber das Einkaufszentrum \u201ePasing Arcaden\u201c bis zum Luxus-Wohnhochhaus \u201eFriends\u201c am Hirschgarten. Seit einigen Jahren arbeiten Markus Allmann, 65, und Ludwig Wappner, 67, mit ihrem Team auch f\u00fcr gro\u00dfe US-Tech-Konzerne, die in M\u00fcnchen expandieren. Zum Gespr\u00e4ch \u00fcber ihre Arbeit empfangen sie in einem Besprechungsraum ihres B\u00fcros, das in einer ehemaligen Fabrik an der Nymphenburger Stra\u00dfe untergebracht ist.<\/p>\n","protected":false},"excerpt":{"rendered":"Sie arbeiten f\u00fcr die reichsten Konzerne der Welt, sind von Ren\u00e9 Benkos Pleite betroffen und planen zugleich ein&hellip;\n","protected":false},"author":2,"featured_media":157585,"comment_status":"","ping_status":"","sticky":false,"template":"","format":"standard","meta":{"footnotes":""},"categories":[1775],"tags":[2922,20596,231,2250,15065,1793,29,214,2637,30,6787,4149,55264,5726,1794,6778,1268,2813,15064,55263,55265,25847,37149,149,3967,19391,215,173],"class_list":{"0":"post-157584","1":"post","2":"type-post","3":"status-publish","4":"format-standard","5":"has-post-thumbnail","7":"category-kunst-und-design","8":"tag-altstadt","9":"tag-altstadt-lehel","10":"tag-apple","11":"tag-architektur","12":"tag-architektur-in-muenchen","13":"tag-art-and-design","14":"tag-deutschland","15":"tag-entertainment","16":"tag-galeria-karstadt-kaufhof","17":"tag-germany","18":"tag-giesing","19":"tag-google","20":"tag-hirschgarten","21":"tag-immobilien-und-wohnen-in-muenchen","22":"tag-kunst-und-design","23":"tag-maxvorstadt","24":"tag-muenchen","25":"tag-muenchen-stadtteile","26":"tag-neuhausen-nymphenburg","27":"tag-obergiesing","28":"tag-obergiesing-fasangarten","29":"tag-parks-in-muenchen","30":"tag-signa","31":"tag-sueddeutsche-zeitung","32":"tag-sz-leute","33":"tag-untergiesing-harlaching","34":"tag-unterhaltung","35":"tag-unternehmen"},"share_on_mastodon":{"url":"","error":"Validation failed: Text character limit of 500 exceeded"},"_links":{"self":[{"href":"https:\/\/www.europesays.com\/de\/wp-json\/wp\/v2\/posts\/157584","targetHints":{"allow":["GET"]}}],"collection":[{"href":"https:\/\/www.europesays.com\/de\/wp-json\/wp\/v2\/posts"}],"about":[{"href":"https:\/\/www.europesays.com\/de\/wp-json\/wp\/v2\/types\/post"}],"author":[{"embeddable":true,"href":"https:\/\/www.europesays.com\/de\/wp-json\/wp\/v2\/users\/2"}],"replies":[{"embeddable":true,"href":"https:\/\/www.europesays.com\/de\/wp-json\/wp\/v2\/comments?post=157584"}],"version-history":[{"count":0,"href":"https:\/\/www.europesays.com\/de\/wp-json\/wp\/v2\/posts\/157584\/revisions"}],"wp:featuredmedia":[{"embeddable":true,"href":"https:\/\/www.europesays.com\/de\/wp-json\/wp\/v2\/media\/157585"}],"wp:attachment":[{"href":"https:\/\/www.europesays.com\/de\/wp-json\/wp\/v2\/media?parent=157584"}],"wp:term":[{"taxonomy":"category","embeddable":true,"href":"https:\/\/www.europesays.com\/de\/wp-json\/wp\/v2\/categories?post=157584"},{"taxonomy":"post_tag","embeddable":true,"href":"https:\/\/www.europesays.com\/de\/wp-json\/wp\/v2\/tags?post=157584"}],"curies":[{"name":"wp","href":"https:\/\/api.w.org\/{rel}","templated":true}]}}