{"id":157594,"date":"2025-06-01T20:59:10","date_gmt":"2025-06-01T20:59:10","guid":{"rendered":"https:\/\/www.europesays.com\/de\/157594\/"},"modified":"2025-06-01T20:59:10","modified_gmt":"2025-06-01T20:59:10","slug":"tatort-wien-so-plant-adele-neuhauser-nach-ihrem-abschied-unterhaltung","status":"publish","type":"post","link":"https:\/\/www.europesays.com\/de\/157594\/","title":{"rendered":"\u201eTatort: Wien\u201c: So plant Adele Neuhauser nach ihrem Abschied | Unterhaltung"},"content":{"rendered":"<p>Wien \u2013 <b>Mit 66 Jahren f\u00e4ngt ihr Lebensgl\u00fcck (noch) einmal an. Fans des beliebten <\/b><a href=\"https:\/\/www.bild.de\/unterhaltung\/tv\/tatort\/tatort-alle-infos-78083756.bild.html\" class=\"text-link\" target=\"_blank\" rel=\"noopener\"><b>\u201eTatort\u201c<\/b><\/a><b>-Teams aus Wien m\u00fcssen stark sein. Erst vor wenigen Wochen k\u00fcndigten Harald Krassnitzer (64, als Moritz Eisner seit 1999 im Einsatz) und Adele Neuhauser (kam als Bibi Fellner 2011 dazu) an, dass 2026 mit einem der beliebtesten Duos der Reihe Schluss ist.<\/b><\/p>\n<p>Mit dem aktuellen Fall \u201eWir sind nicht zu fassen\u201c startet eine Abschieds-Tour in der ARD. Nach drei weiteren Krimis wird nach 40 Duo-Eins\u00e4tzen dann die Dienstmarke im TV abgegeben. Eine Entscheidung, die beide gemeinsam und bewusst getroffen haben. Daf\u00fcr nimmt sich das Erfolgs-Gespann nach 15 Jahren Seite an Seite jetzt die Zeit, die Figuren noch einmal richtig auszuspielen.<\/p>\n<p><img decoding=\"async\" width=\"992\" height=\"558\" alt=\"Das Wiener Ermittlungsduo: Neuhauser als Bibi Fellner neben Harald Krassnitzer (64) alias Moritz Eisner\" src=\"https:\/\/www.europesays.com\/de\/wp-content\/uploads\/2025\/06\/1725a09fe437b6cf8c08124aba0df82d,6f0668cf\"   class=\"landscape\" loading=\"lazy\"\/><\/p>\n<p class=\"fig__caption__text\">Das Wiener Ermittlungsduo: Neuhauser als Bibi Fellner neben Harald Krassnitzer (64) alias Moritz Eisner<\/p>\n<p>Foto: ORF\/Petro Domenigg ORF\/Petro Domenigg<\/p>\n<p><a href=\"https:\/\/www.bild.de\/unterhaltung\/stars-und-leute\/harald-krassnitzer-im-steckbrief-so-tickt-der-tatort-darsteller-62baef97e76cc679c115cd54https:\/\/www.bild.de\/unterhaltung\/stars-und-leute\/harald-krassnitzer-im-steckbrief-so-tickt-der-tatort-darsteller-62baef97e76cc679c115cd54\" target=\"_blank\" rel=\"noopener\" class=\"text-link--external text-link\">Harald Krassnitzer<\/a> sagt zu BILD: \u201eDa kommt noch einiges. Ich denke, ihre Verbindung ist so tief, gerade weil sie nicht vollends gekl\u00e4rt ist. Das ist es, was Adele und mich an unseren Figuren am meisten fasziniert.\u201c Es wird in den verbleibenden Episoden noch Antworten geben, wie nah sich die beiden Top-Ermittler vor der Kamera wirklich sind.<\/p>\n<p>Adele Neuhauser ist stolze Oma<\/p>\n<p>Eine Sache ist indes bereits klar. Die \u00d6sterreicherin, l\u00e4ngst eine der beliebtesten Schauspielerinnen im deutschsprachigen Raum, ist ihrem Herzschlag gefolgt. \u201eIch m\u00f6chte meine Zeit auch als Oma genie\u00dfen\u201c, hatte sie zuletzt betont. Vor sieben Jahren hatte Sohn Julian (38), mit dem Neuhauser auch gemeinsam bei Konzertlesungen auftritt, ihr eine Enkelin geschenkt.<\/p>\n<p>Lesen Sie auch<\/p>\n<p>Vor zweieinhalb Jahren folgte ein Enkels\u00f6hnchen. Familie statt Mord und Totschlag! Neuhauser kommt aus zerr\u00fctteten Familienverh\u00e4ltnissen. Ihre Eltern lie\u00dfen sich scheiden, als sie noch ein Kind war. Ihre Jugend? Schmerzhaft. Mehrfach wollte sie sich als Teenager das Leben nehmen. \u201eIch bin froh, dass es nicht geklappt hat. Ich habe sp\u00e4ter erleben d\u00fcrfen, wie gro\u00dfartig das Leben ist.\u201c<\/p>\n<p>Und genau diese Lebenserfahrung ist es jetzt, die ihr die Kraft gibt, sich ganz bewusst aus dem auch finanziell sicheren Umfeld des \u201eTatort\u201c zu verabschieden.<\/p>\n<p>Neuhauser will Babysitten statt M\u00f6rder jagen<img decoding=\"async\" width=\"992\" height=\"762\" alt=\"Neuhauser vor der Skyline Wiens: Die Mordkommission der Stadt muss im TV demn\u00e4chst ohne sie auskommen\" src=\"https:\/\/www.europesays.com\/de\/wp-content\/uploads\/2025\/06\/2b3876d5afa5398fcd5c39d2a27fc7a8,d91e89c5\"   class=\"dynamic\" loading=\"lazy\"\/><\/p>\n<p class=\"fig__caption__text\">Neuhauser vor der Skyline Wiens: Die Mordkommission der Stadt muss im TV demn\u00e4chst ohne sie auskommen<\/p>\n<p>Foto: Frank Zauritz<\/p>\n<p><a href=\"https:\/\/www.bild.de\/unterhaltung\/tv-fernsehformate\/tatort-tv\/tatort-wien-eisner-und-fellner-ermitteln-in-oesterreich-628b98a8c166364f54f9a909\" class=\"text-link\" target=\"_blank\" rel=\"noopener\">Krassnitzer und Neuhauser<\/a>, das wei\u00df BILD, hatten es selbst in der Hand, ihre Vertr\u00e4ge auf bis zu 50 gemeinsame Folgen (bis ins Jahr 2030) zu verl\u00e4ngern. Doch Oma Adele m\u00f6chte f\u00fcr ihre Kleinen da sein. Mit den Enkelkindern reisen. Babysitten, statt M\u00f6rder jagen!<\/p>\n<p>Angebote f\u00fcr Filme und Serien hat sie genug. Demn\u00e4chst ist sie im Callboy-Drama \u201eMakellos \u2013 Eine kurze Welle des Gl\u00fccks\u201c zu sehen. Sie wird weiter drehen. Aber mit Bedacht. <\/p>\n<p>\u00dcber den Abschied vom \u201eTatort\u201c auf Raten sagt sie: \u201eWenn es am sch\u00f6nsten ist, ist es Zeit f\u00fcr neue Abenteuer.\u201c Ihr Oma-Abenteuer ist ihr gro\u00dfes neues Lebensgl\u00fcck.<\/p>\n","protected":false},"excerpt":{"rendered":"Wien \u2013 Mit 66 Jahren f\u00e4ngt ihr Lebensgl\u00fcck (noch) einmal an. Fans des beliebten \u201eTatort\u201c-Teams aus Wien m\u00fcssen&hellip;\n","protected":false},"author":2,"featured_media":157595,"comment_status":"","ping_status":"","sticky":false,"template":"","format":"standard","meta":{"footnotes":""},"categories":[155],"tags":[29,214,30,17087,17088,218,8969,45,215,6296],"class_list":{"0":"post-157594","1":"post","2":"type-post","3":"status-publish","4":"format-standard","5":"has-post-thumbnail","7":"category-unterhaltung","8":"tag-deutschland","9":"tag-entertainment","10":"tag-germany","11":"tag-krassnitzer-harald","12":"tag-neuhauser-adele","13":"tag-tatort","14":"tag-tatort-kommissare","15":"tag-texttospeech","16":"tag-unterhaltung","17":"tag-wien"},"share_on_mastodon":{"url":"https:\/\/pubeurope.com\/@de\/114610121208384338","error":""},"_links":{"self":[{"href":"https:\/\/www.europesays.com\/de\/wp-json\/wp\/v2\/posts\/157594","targetHints":{"allow":["GET"]}}],"collection":[{"href":"https:\/\/www.europesays.com\/de\/wp-json\/wp\/v2\/posts"}],"about":[{"href":"https:\/\/www.europesays.com\/de\/wp-json\/wp\/v2\/types\/post"}],"author":[{"embeddable":true,"href":"https:\/\/www.europesays.com\/de\/wp-json\/wp\/v2\/users\/2"}],"replies":[{"embeddable":true,"href":"https:\/\/www.europesays.com\/de\/wp-json\/wp\/v2\/comments?post=157594"}],"version-history":[{"count":0,"href":"https:\/\/www.europesays.com\/de\/wp-json\/wp\/v2\/posts\/157594\/revisions"}],"wp:featuredmedia":[{"embeddable":true,"href":"https:\/\/www.europesays.com\/de\/wp-json\/wp\/v2\/media\/157595"}],"wp:attachment":[{"href":"https:\/\/www.europesays.com\/de\/wp-json\/wp\/v2\/media?parent=157594"}],"wp:term":[{"taxonomy":"category","embeddable":true,"href":"https:\/\/www.europesays.com\/de\/wp-json\/wp\/v2\/categories?post=157594"},{"taxonomy":"post_tag","embeddable":true,"href":"https:\/\/www.europesays.com\/de\/wp-json\/wp\/v2\/tags?post=157594"}],"curies":[{"name":"wp","href":"https:\/\/api.w.org\/{rel}","templated":true}]}}