{"id":157710,"date":"2025-06-01T22:02:10","date_gmt":"2025-06-01T22:02:10","guid":{"rendered":"https:\/\/www.europesays.com\/de\/157710\/"},"modified":"2025-06-01T22:02:10","modified_gmt":"2025-06-01T22:02:10","slug":"ausstellung-naturgarten-entdecken-natur-erleben-vielfalt-begreifen","status":"publish","type":"post","link":"https:\/\/www.europesays.com\/de\/157710\/","title":{"rendered":"Ausstellung: \u201eNaturgarten entdecken \u2013 Natur erleben, Vielfalt begreifen\u201c"},"content":{"rendered":"<p class=\"article-text\">Am Mittwoch, 4. Juni, kann um 16.00 Uhr im Neuperlacher Mitmachgarten, Albert-Schweitzer-Str. 68, die Wanderausstellung \u201eNaturgarten entdecken\u201c angeschaut werden. In einer einzigartigen Verbindung von Fotografien und Wissen erfahren Besucherinnen und Besucher auf eindrucksvolle Weise, warum Naturg\u00e4rten nicht nur sch\u00f6n, sondern auch unverzichtbar f\u00fcr die Bewahrung der Biodiversit\u00e4t sind. <br \/>Die Ausstellung ist nur f\u00fcr kurze Zeit vor Ort und zeigt die Vielfalt und Sch\u00f6nheit von Naturg\u00e4rten. Pr\u00e4gnante Texte liefern wertvolle Informationen zu unterschiedlichen Aspekten des Naturgartenkonzepts \u2013 von der Schaffung und Pflege eines Naturgartens bis hin zu den vielen Vorteilen heimischer Pflanzen und nachhaltiger <br \/>Gartengestaltung. Der Besuch der Ausstellung ist kostenlos. Auf einem Gr\u00fcnstreifen zwischen Einkaufszentrum und Schulhaus entsteht seit wenigen Monaten der Neuperlacher Mitmachgarten der von Sch\u00fcler*innen und Nachbarschaft gemeinsam gepflegt wird. Neben der Ausstellung sind alle <br \/>Interessierten auch herzlich zu den offenen Gartenterminen eingeladen, weitere Termine und Infos unter <a href=\"https:\/\/www.campus-di-monaco.de\" class=\"auto-detected-link\" target=\"_blank\" rel=\"nofollow noopener\">www.campus-di-monaco.de<\/a><br \/>Zur Ausstellung: Vielf\u00e4ltige Naturg\u00e4rten f\u00fcr uns! \u201eBiodiversit\u00e4t als Lebensgrundlage\u201c \u2013 das zentrale <br \/>Thema der Ausstellung, das den Besucherinnen und Besuchern auf eindrucksvolle Weise die Relevanz von Naturg\u00e4rten f\u00fcr das \u00f6kologische Gleichgewicht n\u00e4herbringt. Dabei geht es nicht nur um den Schutz der Artenvielfalt, sondern auch um die Schaffung von Lebensr\u00e4umen f\u00fcr Insekten, V\u00f6gel und andere Tiere. <br \/>Wie gelingt ein Naturgarten? Ein weiteres Highlight der Ausstellung ist die Vorstellung der unterschiedlichen Elemente eines Naturgartens, wie etwa die Gestaltung von Lebensr\u00e4umen. Die Besucherinnen und Besucher erhalten erste Ideen zur Pflege und Gestaltung des eigenen Naturgartens.<\/p>\n","protected":false},"excerpt":{"rendered":"Am Mittwoch, 4. Juni, kann um 16.00 Uhr im Neuperlacher Mitmachgarten, Albert-Schweitzer-Str. 68, die Wanderausstellung \u201eNaturgarten entdecken\u201c angeschaut&hellip;\n","protected":false},"author":2,"featured_media":157711,"comment_status":"","ping_status":"","sticky":false,"template":"","format":"standard","meta":{"footnotes":""},"categories":[1827],"tags":[772,29,30,2489,1268,6534],"class_list":{"0":"post-157710","1":"post","2":"type-post","3":"status-publish","4":"format-standard","5":"has-post-thumbnail","7":"category-muenchen","8":"tag-bayern","9":"tag-deutschland","10":"tag-germany","11":"tag-kirche-gesellschaft","12":"tag-muenchen","13":"tag-neuperlach"},"share_on_mastodon":{"url":"https:\/\/pubeurope.com\/@de\/114610369006477971","error":""},"_links":{"self":[{"href":"https:\/\/www.europesays.com\/de\/wp-json\/wp\/v2\/posts\/157710","targetHints":{"allow":["GET"]}}],"collection":[{"href":"https:\/\/www.europesays.com\/de\/wp-json\/wp\/v2\/posts"}],"about":[{"href":"https:\/\/www.europesays.com\/de\/wp-json\/wp\/v2\/types\/post"}],"author":[{"embeddable":true,"href":"https:\/\/www.europesays.com\/de\/wp-json\/wp\/v2\/users\/2"}],"replies":[{"embeddable":true,"href":"https:\/\/www.europesays.com\/de\/wp-json\/wp\/v2\/comments?post=157710"}],"version-history":[{"count":0,"href":"https:\/\/www.europesays.com\/de\/wp-json\/wp\/v2\/posts\/157710\/revisions"}],"wp:featuredmedia":[{"embeddable":true,"href":"https:\/\/www.europesays.com\/de\/wp-json\/wp\/v2\/media\/157711"}],"wp:attachment":[{"href":"https:\/\/www.europesays.com\/de\/wp-json\/wp\/v2\/media?parent=157710"}],"wp:term":[{"taxonomy":"category","embeddable":true,"href":"https:\/\/www.europesays.com\/de\/wp-json\/wp\/v2\/categories?post=157710"},{"taxonomy":"post_tag","embeddable":true,"href":"https:\/\/www.europesays.com\/de\/wp-json\/wp\/v2\/tags?post=157710"}],"curies":[{"name":"wp","href":"https:\/\/api.w.org\/{rel}","templated":true}]}}