{"id":157719,"date":"2025-06-01T22:07:09","date_gmt":"2025-06-01T22:07:09","guid":{"rendered":"https:\/\/www.europesays.com\/de\/157719\/"},"modified":"2025-06-01T22:07:09","modified_gmt":"2025-06-01T22:07:09","slug":"american-football-berlin-thunder-verliert-drittes-saisonspiel-deutlich","status":"publish","type":"post","link":"https:\/\/www.europesays.com\/de\/157719\/","title":{"rendered":"American Football: Berlin Thunder verliert drittes Saisonspiel deutlich"},"content":{"rendered":"<p class=\"paragraph article__item\">Das Football-Team von Berlin Thunder hat auch sein drittes Saisonspiel in der European League of Football verloren. Die Mannschaft von Headcoach Jag Bal musste sich Nordic Storm aus Kopenhagen klar mit 0:35 (0:22) geschlagen geben. F\u00fcr die Hauptst\u00e4dter war es die zweite Niederlage in dieser ELF-Spielzeit.\u00a0\n<\/p>\n<p>Aktuelles<\/p>\n<p>                <a href=\"https:\/\/www.zeit.de\/sport\/2025-05\/bundesliga-rueckschau-bayern-meister\" data-ct-label=\"Bundesligar\u00fcckschau: Deutscher Restaurantmeister 2025\" target=\"_blank\" rel=\"noopener\"><\/p>\n<p>        Z+ (abopflichtiger Inhalt);<\/p>\n<p>    Bundesligar\u00fcckschau:<br \/>\n                        Deutscher Restaurantmeister 2025<\/p>\n<p>                <\/a><\/p>\n<p>                <a href=\"https:\/\/www.zeit.de\/sport\/2025-05\/fc-koeln-steigt-in-die-erste-fussballbundesliga-auf\" data-ct-label=\"2. Bundesliga: 1. FC K\u00f6ln steigt in die Fu\u00dfballbundesliga auf\" target=\"_blank\" rel=\"noopener\"><\/p>\n<p>                        2. Bundesliga:<br \/>\n                        1. FC K\u00f6ln steigt in die Fu\u00dfballbundesliga auf<\/p>\n<p>                <\/a><\/p>\n<p>                <a href=\"https:\/\/www.zeit.de\/sport\/2025-05\/volleyball-berlin-volleys-deutscher-meister\" data-ct-label=\"Volleyball-Bundesliga: Berlin Volleys sind erneut Deutsche Meister\" target=\"_blank\" rel=\"noopener\"><\/p>\n<p>                        Volleyball-Bundesliga:<br \/>\n                        Berlin Volleys sind erneut Deutsche Meister<\/p>\n<p>                <\/a><\/p>\n<p class=\"paragraph article__item\">Der Auftakt verlief maximal ungl\u00fccklich f\u00fcr die Berliner. Im ersten Viertel wurde ein Field-Goal-Versuch von Kicker Nils Schauerte geblockt. Luke Glenna trug den freien Ball bis in die Berliner Endzone und die Gastgeber f\u00fchrten pl\u00f6tzlich mit 6:0. Der Berliner Angriff um Spielmacher Jakeb Sullivan versuchte vergeblich, selbst Punkte zu erzielen.\u00a0\n<\/p>\n<p class=\"paragraph article__item\">Das gelang nur dem neu gegr\u00fcndeten Team aus Kopenhagen, das f\u00fcr die ELF den skandinavischen Raum abdecken soll. Auch in der zweiten Halbzeit waren es ausschlie\u00dflich die Hausherren, die f\u00fcr die Punkte sorgten, denn der Nordic Storm war auf beiden Seiten des Balles zu dominant.\u00a0\n<\/p>\n<p class=\"paragraph article__item\">N\u00e4chstes Wochenende steht f\u00fcr <a class=\"rtr-entity\" href=\"https:\/\/www.zeit.de\/thema\/berlin\" target=\"_blank\" rel=\"noopener\">Berlin<\/a> das deutsche Duell mit den Hamburg Sea Devils an.\n<\/p>\n<p class=\"paragraph article__item\">\u00a9 dpa-infocom, dpa:250601-930-616874\/2<\/p>\n","protected":false},"excerpt":{"rendered":"Das Football-Team von Berlin Thunder hat auch sein drittes Saisonspiel in der European League of Football verloren. Die&hellip;\n","protected":false},"author":2,"featured_media":157720,"comment_status":"","ping_status":"","sticky":false,"template":"","format":"standard","meta":{"footnotes":""},"categories":[1825],"tags":[1941,1939,4545,296,1937,46043,29,55297,30,2914,1940,15,1938,26242],"class_list":{"0":"post-157719","1":"post","2":"type-post","3":"status-publish","4":"format-standard","5":"has-post-thumbnail","7":"category-berlin","8":"tag-aktuelle-nachrichten-aus-berlin","9":"tag-aktuelle-news-aus-berlin","10":"tag-american-football","11":"tag-berlin","12":"tag-berlin-news","13":"tag-berlin-thunder","14":"tag-deutschland","15":"tag-european-football-league","16":"tag-germany","17":"tag-kopenhagen","18":"tag-nachrichten-aus-berlin","19":"tag-news","20":"tag-news-aus-berlin","21":"tag-saisonspiel"},"share_on_mastodon":{"url":"https:\/\/pubeurope.com\/@de\/114610388688661831","error":""},"_links":{"self":[{"href":"https:\/\/www.europesays.com\/de\/wp-json\/wp\/v2\/posts\/157719","targetHints":{"allow":["GET"]}}],"collection":[{"href":"https:\/\/www.europesays.com\/de\/wp-json\/wp\/v2\/posts"}],"about":[{"href":"https:\/\/www.europesays.com\/de\/wp-json\/wp\/v2\/types\/post"}],"author":[{"embeddable":true,"href":"https:\/\/www.europesays.com\/de\/wp-json\/wp\/v2\/users\/2"}],"replies":[{"embeddable":true,"href":"https:\/\/www.europesays.com\/de\/wp-json\/wp\/v2\/comments?post=157719"}],"version-history":[{"count":0,"href":"https:\/\/www.europesays.com\/de\/wp-json\/wp\/v2\/posts\/157719\/revisions"}],"wp:featuredmedia":[{"embeddable":true,"href":"https:\/\/www.europesays.com\/de\/wp-json\/wp\/v2\/media\/157720"}],"wp:attachment":[{"href":"https:\/\/www.europesays.com\/de\/wp-json\/wp\/v2\/media?parent=157719"}],"wp:term":[{"taxonomy":"category","embeddable":true,"href":"https:\/\/www.europesays.com\/de\/wp-json\/wp\/v2\/categories?post=157719"},{"taxonomy":"post_tag","embeddable":true,"href":"https:\/\/www.europesays.com\/de\/wp-json\/wp\/v2\/tags?post=157719"}],"curies":[{"name":"wp","href":"https:\/\/api.w.org\/{rel}","templated":true}]}}