{"id":157721,"date":"2025-06-01T22:08:12","date_gmt":"2025-06-01T22:08:12","guid":{"rendered":"https:\/\/www.europesays.com\/de\/157721\/"},"modified":"2025-06-01T22:08:12","modified_gmt":"2025-06-01T22:08:12","slug":"200-jahre-museumsinsel-knapp-60-000-besucher-am-wochenende","status":"publish","type":"post","link":"https:\/\/www.europesays.com\/de\/157721\/","title":{"rendered":"200 Jahre Museumsinsel \u2013 knapp 60.000 Besucher am Wochenende"},"content":{"rendered":"<p>Fest f\u00fcr Welterbe <\/p>\n<p>200 Jahre Museumsinsel: Knapp 60.000 Besucher am Wochenende<\/p>\n<p>01.06.2025 &#8211; 21:56 UhrLesedauer: 2 Min.<\/p>\n<p><a href=\"#focus-0\" class=\"transition-colors duration-200 focus-within:text-magenta block text-current relative\" data-sctrack=\"FocusGalleryImage.Reference\"><img fetchpriority=\"high\" data-testid=\"Opener.Image\" style=\"--lqipURL:url('https:\/\/images.t-online.de\/2025\/06\/5xisV3ATtgkm\/0x12:800x450\/fit-in\/150x0\/filters:blur(25)\/200-jahre-museumsinsel-der-festakt-fand-bei-nieselregen-statt.jpg')\"   loading=\"eager\" src=\"https:\/\/www.europesays.com\/de\/wp-content\/uploads\/2025\/06\/200-jahre-museumsinsel-der-festakt-fand-bei-nieselregen-statt.jpg\" alt=\"Menschen nehmen beim Festakt zum 200. Jubil\u00e4um der Museumsinsel teil. Das Inselfest bietet sowohl ein Tagesprogramm in den Museen als auch ein B\u00fchnenprogramm rund um die H\u00e4user bis in die Abendstunden hinein.\" title=\"Menschen nehmen beim Festakt zum 200. Jubil\u00e4um der Museumsinsel teil. Das Inselfest bietet sowohl ein Tagesprogramm in den Museen als auch ein B\u00fchnenprogramm rund um die H\u00e4user bis in die Abendstunden hinein.\" width=\"800\" height=\"450\" class=\"bg-[url:var(--lqipURL)] bg-cover bg-center flex w-full max-w-full h-full\" decoding=\"async\"\/><img style=\"--width:32;--height:32\" loading=\"lazy\" src=\"https:\/\/www.europesays.com\/de\/wp-content\/uploads\/2025\/05\/zoom-in.f7dae02f.svg.svg+xml\" alt=\"Vergr\u00f6\u00dfern des Bildes\" title=\"Vergr\u00f6\u00dfern des Bildes\" class=\"&#10;        block&#10;        h-[calc(var(--height)_\/_16_*_1rem)]&#10;        w-[calc(var(--width)_\/_16_*_1rem)]&#10;        max-w-none&#10;        absolute bottom-8 right-8 rounded-4 bg-snow p-8\" decoding=\"async\"\/><\/a><\/p>\n<p>200 Jahre Museumsinsel: Am Wochenende fand der Festakt f\u00fcr das UNESCO-Welterbe statt. (Quelle: Fabian Sommer)<\/p>\n<p class=\"font-bold text-18 leading-17\">Die Museumsinsel wird 200 Jahre alt. Die Feierlichkeiten sind auf f\u00fcnf Jahre angelegt \u2013 ein Jahr f\u00fcr jedes der H\u00e4user auf der Insel. Zum Auftaktwochenende kamen Tausende Menschen.<\/p>\n<p class=\"text-18 leading-17\">Mit einem Festwochenende haben die Feierlichkeiten zum 200-j\u00e4hrigen Bestehen der <a class=\"transition-colors duration-200 cursor-pointer text-inherit no-underline text-salemsfur md:hover:text-magenta md:hover:border-magenta md:focus:text-magenta border-current border-b border-solid break-words\" href=\"https:\/\/www.t-online.de\/themen\/museumsinsel\/\" data-sctrack=\"BodyAnchor\" target=\"_blank\" rel=\"noopener\">Museumsinsel<\/a> in Berlin-Mitte begonnen. Zahlreiche Menschen kamen zwischen Freitag und Sonntag, lauschten den Konzerten im Kolonnadenhof oder verschafften sich bei einer der insgesamt rund 70 F\u00fchrungen einen \u00dcberblick \u00fcber Geschichte und Architektur der Insel.<\/p>\n<p class=\"text-18 leading-17\">Standortsprecher Matthias Wemhoff sprach am Abend von rund 55.000 Besucherinnen und Besuchern und nannte das Wochenende einen &#8222;Auftakt nach Ma\u00df&#8220;. &#8222;Die Atmosph\u00e4re war gro\u00dfartig, wozu auch das Programm auf der Open-Air-B\u00fchne beitrug.&#8220; Dieses sei wesentlich von Sprech- und Musiktheatern gestaltet worden.<\/p>\n<p class=\"text-18 leading-17\">Zum offiziellen Festakt am Sonntag anl\u00e4sslich des UNESCO-Welterbetags sprach die neue Pr\u00e4sidentin der Stiftung Preu\u00dfischer Kulturbesitz, Marion Ackermann. &#8222;Wichtig ist mir, dass wir das Welterbe Museumsinsel nicht nur bewahren, sondern weiterentwickeln und vor allem neue Schichten von Besucherinnen und Besuchern erreichen&#8220;, sagte sie. Seit 1999 geh\u00f6rt die Berliner Museumsinsel zum Welterbe.<\/p>\n<p class=\"text-18 leading-17\">Ackermann verwies auf die derzeit laufende Sanierung des Pergamonmuseums, eines der f\u00fcnf gro\u00dfen H\u00e4user auf der Insel. Der Nordfl\u00fcgel mit dem Pergamonaltar soll im Fr\u00fchjahr 2027 wiederer\u00f6ffnet werden. &#8222;Wir denken jetzt nicht mehr in Jahren, wir z\u00e4hlen schon die Monate, bis wir endlich wieder durch den Altarsaal gehen k\u00f6nnen&#8220;, betonte Ackermann.<\/p>\n<p class=\"text-18 leading-17\">Die Feiern zum 200-j\u00e4hrigen Bestehen der Insel sind der Stiftung Preu\u00dfischer Kulturbesitz zufolge auf f\u00fcnf Jahre angelegt \u2013 eines f\u00fcr jedes Museum. Dieses Jahr steht dabei das Alte Museum im Mittelpunkt, das \u00e4lteste Haus auf der Insel. Es folgt 2026 die Alte Nationalgalerie, die dann 150 Jahre alt wird. 2027 bestimmt die Wiederer\u00f6ffnung des Pergamonmuseums die Feierlichkeiten. 2029 ist das Bodemuseum dran, und 2030 sollen dann noch einmal alle H\u00e4user gemeinsam gefeiert werden.<\/p>\n","protected":false},"excerpt":{"rendered":"Fest f\u00fcr Welterbe 200 Jahre Museumsinsel: Knapp 60.000 Besucher am Wochenende 01.06.2025 &#8211; 21:56 UhrLesedauer: 2 Min. 200&hellip;\n","protected":false},"author":2,"featured_media":157722,"comment_status":"","ping_status":"","sticky":false,"template":"","format":"standard","meta":{"footnotes":""},"categories":[1825],"tags":[55299,296,2572,29,55298,30,33235,55300,21560,55302,55301,54935],"class_list":{"0":"post-157721","1":"post","2":"type-post","3":"status-publish","4":"format-standard","5":"has-post-thumbnail","7":"category-berlin","8":"tag-auftaktwochenende","9":"tag-berlin","10":"tag-berlin-mitte","11":"tag-deutschland","12":"tag-feierlichkeit","13":"tag-germany","14":"tag-marion-ackermann","15":"tag-matthias-wemhoff","16":"tag-museumsinsel","17":"tag-pergamonaltar","18":"tag-pergamonmuseum","19":"tag-stiftung-preussischer-kulturbesitz"},"share_on_mastodon":{"url":"https:\/\/pubeurope.com\/@de\/114610392687619303","error":""},"_links":{"self":[{"href":"https:\/\/www.europesays.com\/de\/wp-json\/wp\/v2\/posts\/157721","targetHints":{"allow":["GET"]}}],"collection":[{"href":"https:\/\/www.europesays.com\/de\/wp-json\/wp\/v2\/posts"}],"about":[{"href":"https:\/\/www.europesays.com\/de\/wp-json\/wp\/v2\/types\/post"}],"author":[{"embeddable":true,"href":"https:\/\/www.europesays.com\/de\/wp-json\/wp\/v2\/users\/2"}],"replies":[{"embeddable":true,"href":"https:\/\/www.europesays.com\/de\/wp-json\/wp\/v2\/comments?post=157721"}],"version-history":[{"count":0,"href":"https:\/\/www.europesays.com\/de\/wp-json\/wp\/v2\/posts\/157721\/revisions"}],"wp:featuredmedia":[{"embeddable":true,"href":"https:\/\/www.europesays.com\/de\/wp-json\/wp\/v2\/media\/157722"}],"wp:attachment":[{"href":"https:\/\/www.europesays.com\/de\/wp-json\/wp\/v2\/media?parent=157721"}],"wp:term":[{"taxonomy":"category","embeddable":true,"href":"https:\/\/www.europesays.com\/de\/wp-json\/wp\/v2\/categories?post=157721"},{"taxonomy":"post_tag","embeddable":true,"href":"https:\/\/www.europesays.com\/de\/wp-json\/wp\/v2\/tags?post=157721"}],"curies":[{"name":"wp","href":"https:\/\/api.w.org\/{rel}","templated":true}]}}