{"id":157735,"date":"2025-06-01T22:16:13","date_gmt":"2025-06-01T22:16:13","guid":{"rendered":"https:\/\/www.europesays.com\/de\/157735\/"},"modified":"2025-06-01T22:16:13","modified_gmt":"2025-06-01T22:16:13","slug":"saad-kritisiert-shindy-fuer-jesus-lines","status":"publish","type":"post","link":"https:\/\/www.europesays.com\/de\/157735\/","title":{"rendered":"Saad kritisiert Shindy f\u00fcr Jesus-Lines"},"content":{"rendered":"<p><a href=\"https:\/\/hiphop.de\/saad\" rel=\" noopener\" target=\"_blank\">S<\/a><a href=\"https:\/\/hiphop.de\/saad\" rel=\" noopener\" target=\"_blank\">aad<\/a> kritisiert erneut <a href=\"https:\/\/hiphop.de\/shindy\" rel=\" noopener\" target=\"_blank\">Shindy<\/a>. In der aktuellsten Folge seines &#8222;Libanossi&#8220;-Podcast sprechen der Rapper und sein Co-Host Marvin California \u00fcber die neuen Shindy-Singles &#8222;10 Sommer&#8220; und &#8222;Big Bro&#8220; aus dem kommenden Tape &#8222;<\/p>\n<p>Saad \u00fcber Shindys christliche Lines:\u00a0&#8222;Lass doch Jesus in Ruhe&#8220;\u00a0<\/p>\n<p>F\u00fcr den Bremer Rapper haben religi\u00f6se Figuren nichts in Rap-Texten verloren. Deswegen findet er Shindys des \u00d6fteren\u00a0&#8222;Jesus-Vergleiche&#8220;\u00a0absolut fehl am Platz und\u00a0&#8222;extremst respektlos&#8220;. Saad glaubt, dass der Bietigheimer st\u00e4ndig religi\u00f6se (zumeist christliche) Referenzen macht, weil Shindy denkt, dass es nicht viele streng gl\u00e4ubige Christen geben w\u00fcrde, die sich an seinen Texten st\u00f6ren w\u00fcrden. Laut dem &#8222;V&#8220;-Rapper gebe es aber genug Menschen, die sich dadurch angegriffen f\u00fchlen, auch wenn er keine Beweise daf\u00fcr liefert.<\/p>\n","protected":false},"excerpt":{"rendered":"Saad kritisiert erneut Shindy. In der aktuellsten Folge seines &#8222;Libanossi&#8220;-Podcast sprechen der Rapper und sein Co-Host Marvin California&hellip;\n","protected":false},"author":2,"featured_media":157736,"comment_status":"","ping_status":"","sticky":false,"template":"","format":"standard","meta":{"footnotes":""},"categories":[1772],"tags":[55310,29,2131,214,30,8499,1229,55311,13526,13524,1779,810,15,2043,2138,575,2132,5853,215],"class_list":{"0":"post-157735","1":"post","2":"type-post","3":"status-publish","4":"format-standard","5":"has-post-thumbnail","7":"category-musik","8":"tag-baba-saad","9":"tag-deutschland","10":"tag-deutschrap","11":"tag-entertainment","12":"tag-germany","13":"tag-jesus","14":"tag-kritik","15":"tag-libanossi","16":"tag-libanossi-podcast","17":"tag-marvin-california","18":"tag-music","19":"tag-musik","20":"tag-news","21":"tag-podcast","22":"tag-rap","23":"tag-religion","24":"tag-shindy","25":"tag-songs","26":"tag-unterhaltung"},"share_on_mastodon":{"url":"https:\/\/pubeurope.com\/@de\/114610424840924719","error":""},"_links":{"self":[{"href":"https:\/\/www.europesays.com\/de\/wp-json\/wp\/v2\/posts\/157735","targetHints":{"allow":["GET"]}}],"collection":[{"href":"https:\/\/www.europesays.com\/de\/wp-json\/wp\/v2\/posts"}],"about":[{"href":"https:\/\/www.europesays.com\/de\/wp-json\/wp\/v2\/types\/post"}],"author":[{"embeddable":true,"href":"https:\/\/www.europesays.com\/de\/wp-json\/wp\/v2\/users\/2"}],"replies":[{"embeddable":true,"href":"https:\/\/www.europesays.com\/de\/wp-json\/wp\/v2\/comments?post=157735"}],"version-history":[{"count":0,"href":"https:\/\/www.europesays.com\/de\/wp-json\/wp\/v2\/posts\/157735\/revisions"}],"wp:featuredmedia":[{"embeddable":true,"href":"https:\/\/www.europesays.com\/de\/wp-json\/wp\/v2\/media\/157736"}],"wp:attachment":[{"href":"https:\/\/www.europesays.com\/de\/wp-json\/wp\/v2\/media?parent=157735"}],"wp:term":[{"taxonomy":"category","embeddable":true,"href":"https:\/\/www.europesays.com\/de\/wp-json\/wp\/v2\/categories?post=157735"},{"taxonomy":"post_tag","embeddable":true,"href":"https:\/\/www.europesays.com\/de\/wp-json\/wp\/v2\/tags?post=157735"}],"curies":[{"name":"wp","href":"https:\/\/api.w.org\/{rel}","templated":true}]}}