{"id":157778,"date":"2025-06-01T22:39:09","date_gmt":"2025-06-01T22:39:09","guid":{"rendered":"https:\/\/www.europesays.com\/de\/157778\/"},"modified":"2025-06-01T22:39:09","modified_gmt":"2025-06-01T22:39:09","slug":"tus-hiltrup-feiert-klaren-auswaertssieg-ueber-delbruecker-sc","status":"publish","type":"post","link":"https:\/\/www.europesays.com\/de\/157778\/","title":{"rendered":"TuS Hiltrup feiert klaren Ausw\u00e4rtssieg \u00fcber Delbr\u00fccker SC"},"content":{"rendered":"<p>                                Spielinfos:<br \/>\nDatum &amp; Uhrzeit: 01.06.2025 15.00 Uhr<br \/>Austragungsort: Delbr\u00fcck<br \/>Wettbewerb: Westfalenliga Herren Staffel 1<br \/>Spieltag: 30<\/p>\n<p>Spielbericht: Delbr\u00fccker SC gegen TuS Hiltrup 0:4 (0:3)<\/p>\n<p id=\"absatz2\" class=\"em_text\">Delbr\u00fcck. Mit 4:0 setzen sich die Hiltruper am Sonntag deutlich gegen die Gastgeber des Delbr\u00fccker SC durch.<\/p>\n<p id=\"absatz4\" class=\"em_text\">Bereits kurz nach Anpfiff landet Felix Bu\u00dfmann den ersten Treffer und verschafft seinem Team die F\u00fchrung (4). Ein paar Minuten sp\u00e4ter f\u00e4llt auch schon ein weiteres Tor durch S\u00f6ren Jankh\u00f6fer (11). Der Torhagel will nicht enden. Ein schmerzhaftes Erlebnis f\u00fcr die Delbr\u00fccker. Minute 39: Hiltrup trifft ein weiteres Mal. Diesmal locht Felix Bu\u00dfmann ein.<\/p>\n<p id=\"absatz5\" class=\"em_text\">Beide Teams wechseln in der zweiten Halbzeit nochmal aus. Tim Atorf wird eingesetzt f\u00fcr Jannik Diederichs und Hendrik Hermelingmeier f\u00fcr Radu Nicolae Prepelita. Auf der Gastseite verlassen Felix Bu\u00dfmann f\u00fcr Linus Groeger und Justin Mittmann f\u00fcr Jonas Westmeyer den Platz. F\u00fcr die Ausw\u00e4rtsmannschaft lohnt sich die Aktion.<\/p>\n<p id=\"absatz6\" class=\"em_text\">Der Hiltruper Mannschaft gelingt es Mitte der zweiten Halbzeit schlie\u00dflich, dem Gegner noch einen zu verpassen. Linus Groeger kann in Minute 79 erfolgreich abschlie\u00dfen. Der TuS Hiltrup entscheidet die Partie f\u00fcr sich.<\/p>\n<p>Die Aufstellungen: Delbr\u00fccker SC &#8211; TuS Hiltrup<br \/>\nDelbr\u00fccker SC: Simon Schielke (16), Leon Acikel (24), Jonny Mika (1), Julian D\u00fcsterhus (23), Finn Jaster (7), Justin Reineke (2), Jannik Diederichs (10), Radu Nicolae Prepelita (11), Jeremy Franz (22), Tobias Henksmeier (3), Nils Kautschor (5)<br \/>TuS Hiltrup: Romain B\u00f6cker (1), Mats Feckler (4), Justin Mittmann (28), S\u00f6ren Jankh\u00f6fer (27), Alexander Gockel (6), Finn Lenze (11), Felix Bu\u00dfmann (24), Peter Effing (10), Joschka Br\u00fcggemann (42), Lukas Leander Berger (13), Jonas Wei\u00dfen (7)<br \/>Schiedsrichter: J\u00f6rn Sch\u00e4fer (Dortmund)<\/p>\n<p id=\"absatz7\" class=\"em_text\">Assistent: Fatih Bayrak<\/p>\n<p id=\"absatz8\" class=\"em_text\">Assistent: Oliver Ruhnert<\/p>\n<p id=\"absatz9\" class=\"em_text\" style=\"font-size: .8em;\">Die Inhalte dieses Berichts wurden automatisch auf der Basis von DFB-Daten zusammengestellt.<\/p>\n","protected":false},"excerpt":{"rendered":"Spielinfos: Datum &amp; Uhrzeit: 01.06.2025 15.00 UhrAustragungsort: Delbr\u00fcckWettbewerb: Westfalenliga Herren Staffel 1Spieltag: 30 Spielbericht: Delbr\u00fccker SC gegen TuS&hellip;\n","protected":false},"author":2,"featured_media":157779,"comment_status":"","ping_status":"","sticky":false,"template":"","format":"standard","meta":{"footnotes":""},"categories":[1843],"tags":[42915,7763,33926,3364,55320,55317,29,45978,5282,30,55319,50815,50814,45979,734,7774,1613,8970,1209,55318,35906,7773,7765,31667,7764,25625],"class_list":{"0":"post-157778","1":"post","2":"type-post","3":"status-publish","4":"format-standard","5":"has-post-thumbnail","7":"category-muenster","8":"tag-hiltrup","9":"tag-austragungsort","10":"tag-auswrtssieg","11":"tag-de","12":"tag-delbrck","13":"tag-delbrcker-sc","14":"tag-deutschland","15":"tag-felix-bumann","16":"tag-fuball","17":"tag-germany","18":"tag-jannik-diederichs","19":"tag-jonas-westmeyer","20":"tag-justin-mittmann","21":"tag-linus-groeger","22":"tag-meta_artikelklasse_nachricht","23":"tag-meta_themen_sport","24":"tag-meta_userneeds_informieremich","25":"tag-muenster","26":"tag-nordrhein-westfalen","27":"tag-radu-nicolae","28":"tag-serie_ligaid_211097","29":"tag-serie_ligaid_all","30":"tag-spielinfo","31":"tag-tus-hiltrup","32":"tag-uhrzeit","33":"tag-westfalenliga"},"share_on_mastodon":{"url":"https:\/\/pubeurope.com\/@de\/114610514672487694","error":""},"_links":{"self":[{"href":"https:\/\/www.europesays.com\/de\/wp-json\/wp\/v2\/posts\/157778","targetHints":{"allow":["GET"]}}],"collection":[{"href":"https:\/\/www.europesays.com\/de\/wp-json\/wp\/v2\/posts"}],"about":[{"href":"https:\/\/www.europesays.com\/de\/wp-json\/wp\/v2\/types\/post"}],"author":[{"embeddable":true,"href":"https:\/\/www.europesays.com\/de\/wp-json\/wp\/v2\/users\/2"}],"replies":[{"embeddable":true,"href":"https:\/\/www.europesays.com\/de\/wp-json\/wp\/v2\/comments?post=157778"}],"version-history":[{"count":0,"href":"https:\/\/www.europesays.com\/de\/wp-json\/wp\/v2\/posts\/157778\/revisions"}],"wp:featuredmedia":[{"embeddable":true,"href":"https:\/\/www.europesays.com\/de\/wp-json\/wp\/v2\/media\/157779"}],"wp:attachment":[{"href":"https:\/\/www.europesays.com\/de\/wp-json\/wp\/v2\/media?parent=157778"}],"wp:term":[{"taxonomy":"category","embeddable":true,"href":"https:\/\/www.europesays.com\/de\/wp-json\/wp\/v2\/categories?post=157778"},{"taxonomy":"post_tag","embeddable":true,"href":"https:\/\/www.europesays.com\/de\/wp-json\/wp\/v2\/tags?post=157778"}],"curies":[{"name":"wp","href":"https:\/\/api.w.org\/{rel}","templated":true}]}}