{"id":157829,"date":"2025-06-01T23:11:12","date_gmt":"2025-06-01T23:11:12","guid":{"rendered":"https:\/\/www.europesays.com\/de\/157829\/"},"modified":"2025-06-01T23:11:12","modified_gmt":"2025-06-01T23:11:12","slug":"niedersachsen-bremen-nach-brand-tote-in-einfamilienhaus-gefunden","status":"publish","type":"post","link":"https:\/\/www.europesays.com\/de\/157829\/","title":{"rendered":"Niedersachsen &#038; Bremen: Nach Brand Tote in Einfamilienhaus gefunden"},"content":{"rendered":"<p>                    Niedersachsen &amp; Bremen<br \/>\n                Nach Brand Tote in Einfamilienhaus gefunden<\/p>\n<p>\t\t\t\t              01.06.2025, 19:23 Uhr<\/p>\n<p><strong>Im Erdgeschoss eines Hauses in Neustadt am R\u00fcbenberge f\u00e4ngt es an, zu brennen. Bei den L\u00f6scharbeiten konnte eine Person nur noch tot geborgen werden.<\/strong><\/p>\n<p>Neustadt am R\u00fcbenberge (dpa\/lni) &#8211; Beim L\u00f6schen eines brennenden Hauses in Neustadt am R\u00fcbenberge haben Feuerwehrleute eine Tote entdeckt. Die Identifizierung der Verstorbenen sei bisher nicht abgeschlossen, teilte ein Sprecher der Polizei am Abend mit. Es handele sich demnach aber mutma\u00dflich um die Bewohnerin.\u00a0<\/p>\n<p>Bei den L\u00f6scharbeiten am Sonntagmorgen wurden der Feuerwehr zufolge vier Feuerwehrleute und drei Ersthelfer verletzt. Der Grad der Verletzung sei aber unklar. Das Haus sei vollst\u00e4ndig ausgebrannt. Die Brandursache ist laut Polizei derzeit noch ungekl\u00e4rt, der Kriminaldauerdienst ermittelt nun. Der Schaden kann bisher nicht beziffert werden.<\/p>\n<p>Bei der Ankunft der Feuerwehr drang bereits starker Rauch aus dem Geb\u00e4ude, kurze Zeit sp\u00e4ter platzten Fenster und Flammen schlugen nach au\u00dfen. Die extreme Hitzeentwicklung verz\u00f6gerte die Suche nach m\u00f6glichen Personen im Geb\u00e4ude, hie\u00df es. Erst nachdem das Haus mit dem L\u00f6schwasser etwas heruntergek\u00fchlt werden konnte, wurde die Frau geborgen. Andere Menschen im Haus fanden die Einsatzkr\u00e4fte nicht.<\/p>\n","protected":false},"excerpt":{"rendered":"Niedersachsen &amp; Bremen Nach Brand Tote in Einfamilienhaus gefunden 01.06.2025, 19:23 Uhr Im Erdgeschoss eines Hauses in Neustadt&hellip;\n","protected":false},"author":2,"featured_media":157830,"comment_status":"","ping_status":"","sticky":false,"template":"","format":"standard","meta":{"footnotes":""},"categories":[1824],"tags":[2919,2420,3364,29,7599,30,9347,1411,12219],"class_list":{"0":"post-157829","1":"post","2":"type-post","3":"status-publish","4":"format-standard","5":"has-post-thumbnail","7":"category-bremen","8":"tag-brand","9":"tag-bremen","10":"tag-de","11":"tag-deutschland","12":"tag-einfamilienhaus","13":"tag-germany","14":"tag-nach","15":"tag-niedersachsen","16":"tag-tote"},"share_on_mastodon":{"url":"https:\/\/pubeurope.com\/@de\/114610640272405644","error":""},"_links":{"self":[{"href":"https:\/\/www.europesays.com\/de\/wp-json\/wp\/v2\/posts\/157829","targetHints":{"allow":["GET"]}}],"collection":[{"href":"https:\/\/www.europesays.com\/de\/wp-json\/wp\/v2\/posts"}],"about":[{"href":"https:\/\/www.europesays.com\/de\/wp-json\/wp\/v2\/types\/post"}],"author":[{"embeddable":true,"href":"https:\/\/www.europesays.com\/de\/wp-json\/wp\/v2\/users\/2"}],"replies":[{"embeddable":true,"href":"https:\/\/www.europesays.com\/de\/wp-json\/wp\/v2\/comments?post=157829"}],"version-history":[{"count":0,"href":"https:\/\/www.europesays.com\/de\/wp-json\/wp\/v2\/posts\/157829\/revisions"}],"wp:featuredmedia":[{"embeddable":true,"href":"https:\/\/www.europesays.com\/de\/wp-json\/wp\/v2\/media\/157830"}],"wp:attachment":[{"href":"https:\/\/www.europesays.com\/de\/wp-json\/wp\/v2\/media?parent=157829"}],"wp:term":[{"taxonomy":"category","embeddable":true,"href":"https:\/\/www.europesays.com\/de\/wp-json\/wp\/v2\/categories?post=157829"},{"taxonomy":"post_tag","embeddable":true,"href":"https:\/\/www.europesays.com\/de\/wp-json\/wp\/v2\/tags?post=157829"}],"curies":[{"name":"wp","href":"https:\/\/api.w.org\/{rel}","templated":true}]}}