{"id":157839,"date":"2025-06-01T23:16:10","date_gmt":"2025-06-01T23:16:10","guid":{"rendered":"https:\/\/www.europesays.com\/de\/157839\/"},"modified":"2025-06-01T23:16:10","modified_gmt":"2025-06-01T23:16:10","slug":"wissensfestival-wtf-wissenschaft-trifft-freundschaft-%c2%b7-leipziger-zeitung","status":"publish","type":"post","link":"https:\/\/www.europesays.com\/de\/157839\/","title":{"rendered":"Wissensfestival \u201eWTF \u2013 Wissenschaft trifft Freundschaft\u201c \u00b7 Leipziger Zeitung"},"content":{"rendered":"<p>Am 7. und 8. Juni l\u00e4dt Lydia Benecke zum mittlerweile vierten Wissens-Festival \u201eWTF! \u2013 Wissenschaft trifft Freundschaft\u201c in den Kupfersaal Leipzig ein. Erneut wird zwei Tage lang Wissenschaft von 12 Uhr bis 22 Uhr zum Erlebnis \u2013 mit \u2028Vortr\u00e4gen, Lesungen, Diskussions-, Frage- und Antwortrunden. Besondere G\u00e4ste in diesem Jahr sind Maximilian Doeckel und Jonathan Focke (bekannt als \u201eQuarks Science Cops\u201c), die bekannte forensische Psychiaterin Dr. Nahlah Saimeh sowie der ehemalige Intensivt\u00e4ter und heutige True-Criminal-Podcaster Maximilian Pollux.<\/p>\n<p>Dr. Nahlah Saimeh, Maximilian Pollux und Lydia Benecke befassen sich mit dem \u2028Thema \u201eSchwere und Organisierte Kriminalit\u00e4t \u2013 Ursachen und Auswege\u201c.<\/p>\n<p>Die Wissenschaftsjournalisten Maximilian Doeckel und Jonathan Focke illustrieren \u2028gemeinsam mit dem Journalisten, Autor und Blogger Bernd Harder und Lydia \u2028Benecke \u201eDark Science \u2013 Dunkle Seiten der Wissenschaft\u201c.<\/p>\n<p>Der echte Tatortreiniger Thomas Kundt, Dr. Marcus Schwarz von der Rechtsmedizin \u2028der Uni Leipzig und Dr. Mirko Gutjahr, Leiter der Luther-Museen Eisleben und \u2028Mansfeld, sprechen \u00fcber \u201ePest, F\u00e4ulnis, Verwesung \u2013 Der Tod zwischen Angst \u2028und Ekel\u201c.<\/p>\n<p>Im Themenblock \u201eLug, Trug und Spuk: Wie Skeptizismus uns sch\u00fctzen kann\u201c \u2028erkl\u00e4rt der Physiker und Wissenschaftskommunikator Dr. Holm Gero H\u00fcmmler, wie \u2028seit 100 Jahren die Gefahren der Zigarettenindustrie vernebelt werden; die \u2028Grabungstechnikerin Alexandra Ziesch\u00e9 kl\u00e4rt \u00fcber F\u00e4lschungen in der Arch\u00e4ologie \u2028auf und wie diese entlarvt wurden; Lydia Benecke geht den betr\u00fcgerischen \u2028Machenschaften um das vermeintliche Amityville-Horrorhaus auf den Grund.<\/p>\n<p>\u00dcber \u201eLieben und Sterben in der viktorianischen Zeit\u201c sprechen die Friedhofs\ufb02\u00fcsterin Dr. Anja Kretschmer, die Autorin Isa Theobald, der Autor Ulf Torreck \u2028alias David Gray sowie die Religionswissenschaftlerin und Sexarbeiterin Eva \u2028Hanson. Dazu nehmen uns mit auf eine musikalische Zeitreise zu den Frauenrechten \u2028im viktorianischen Zeitalter: Das k\u00fcnstlerische Allroundtalent Luci van Org &amp; ihre \u2028Band alias LUCINA SOTEIRA.<\/p>\n<p>Die Sozialp\u00e4dagogin, System- und Familientherapeutin Ruth Habeland, die \u2028Germanistin Dr. Rebecca Wismeg-Kammerlander und die Lehrerin sowie \u2028Podcasterin Annika Harrison geben Antworten auf die Frage \u201eDiskriminierung: Heute noch ein Thema?\u201c.<\/p>\n<p>Am Samstagabend, 7. Juni, geht es um das komplexe und wissenschaftlich zu wenig \u2028beachtete Thema \u201eSexuelle T\u00f6tungsfantasien \u2013 Verbrechen und Pr\u00e4vention\u201c. \u2028Hierbei berichten die Kriminalbeamtinnen Elisa Hoppe und Agata Koch von ihren \u2028Ermittlungen in einem Fall, der deutsche Rechtsgeschichte schrieb.<\/p>\n<p>In diesem spielte \u2028Lydia Benecke aufgrund ihrer Erkenntnisse aus langj\u00e4hrigen Gespr\u00e4chen mit \u2028Betroffenen sexueller Gewaltfantasien eine ungew\u00f6hnliche Rolle, wor\u00fcber sie in \u2028ihrem Vortrag berichten wird. Von der Pr\u00e4ventionsarbeit mit Betroffenen sexueller \u2028Gewaltfantasien berichten Jennifer Bingemer und Laura Budnik vom Projekt \u2028#180Grad sowie Daniela Wessels vom Projekt \u201eI can change\u201c.<\/p>\n<p>Das Ph\u00e4nomen \u201eVampire \u2013 Mythos, Kunst und Wissenschaft\u201c betrachten der \u2028Burgenenthusiast Dr. Jochen Blom und Lydia Benecke aus geografischer und \u2028internationaler Perspektive. Der Autor, Moderator und Wortartist Christian von Aster \u2028liest aus dem neuesten und f\u00fcnften Teil seiner Anthologie \u201eLiber Vampirorum\u201c.<\/p>\n<p>Das gesamte Programm <a href=\"http:\/\/www.wtf-leipzig.de\/timetable\/\" target=\"_blank\" rel=\"noopener\">findet man hier.<\/a><\/p>\n","protected":false},"excerpt":{"rendered":"Am 7. und 8. Juni l\u00e4dt Lydia Benecke zum mittlerweile vierten Wissens-Festival \u201eWTF! \u2013 Wissenschaft trifft Freundschaft\u201c in&hellip;\n","protected":false},"author":2,"featured_media":157840,"comment_status":"","ping_status":"","sticky":false,"template":"","format":"standard","meta":{"footnotes":""},"categories":[1832],"tags":[3364,29,30,71,859,20070,3449],"class_list":{"0":"post-157839","1":"post","2":"type-post","3":"status-publish","4":"format-standard","5":"has-post-thumbnail","7":"category-leipzig","8":"tag-de","9":"tag-deutschland","10":"tag-germany","11":"tag-leipzig","12":"tag-sachsen","13":"tag-wave-gotik-treffen","14":"tag-wgt"},"share_on_mastodon":{"url":"https:\/\/pubeurope.com\/@de\/114610659938305825","error":""},"_links":{"self":[{"href":"https:\/\/www.europesays.com\/de\/wp-json\/wp\/v2\/posts\/157839","targetHints":{"allow":["GET"]}}],"collection":[{"href":"https:\/\/www.europesays.com\/de\/wp-json\/wp\/v2\/posts"}],"about":[{"href":"https:\/\/www.europesays.com\/de\/wp-json\/wp\/v2\/types\/post"}],"author":[{"embeddable":true,"href":"https:\/\/www.europesays.com\/de\/wp-json\/wp\/v2\/users\/2"}],"replies":[{"embeddable":true,"href":"https:\/\/www.europesays.com\/de\/wp-json\/wp\/v2\/comments?post=157839"}],"version-history":[{"count":0,"href":"https:\/\/www.europesays.com\/de\/wp-json\/wp\/v2\/posts\/157839\/revisions"}],"wp:featuredmedia":[{"embeddable":true,"href":"https:\/\/www.europesays.com\/de\/wp-json\/wp\/v2\/media\/157840"}],"wp:attachment":[{"href":"https:\/\/www.europesays.com\/de\/wp-json\/wp\/v2\/media?parent=157839"}],"wp:term":[{"taxonomy":"category","embeddable":true,"href":"https:\/\/www.europesays.com\/de\/wp-json\/wp\/v2\/categories?post=157839"},{"taxonomy":"post_tag","embeddable":true,"href":"https:\/\/www.europesays.com\/de\/wp-json\/wp\/v2\/tags?post=157839"}],"curies":[{"name":"wp","href":"https:\/\/api.w.org\/{rel}","templated":true}]}}