{"id":157858,"date":"2025-06-01T23:26:12","date_gmt":"2025-06-01T23:26:12","guid":{"rendered":"https:\/\/www.europesays.com\/de\/157858\/"},"modified":"2025-06-01T23:26:12","modified_gmt":"2025-06-01T23:26:12","slug":"grossartiger-umzug-der-feuerwehren-wochenanzeiger","status":"publish","type":"post","link":"https:\/\/www.europesays.com\/de\/157858\/","title":{"rendered":"Gro\u00dfartiger Umzug der Feuerwehren | Wochenanzeiger"},"content":{"rendered":"<p class=\"article-text\">Vom 29. Mai bis zum 1. Juni feierte die Freiwillige Feuerwehr Unterhaching ihren stolzen 150. Geburtstag. Dabei bescherten sie den Besuchern unvergessliche Tage und N\u00e4chte! Am Sonntag fand dann als Kr\u00f6nung der Festtage der Festzug durch die Gemeinde statt. Zahlreiche Vereine und befreundete Feuerwehren aus Nah und Fern, so aus Neubiberg, Unterbiberg und Brunnthal gaben sich dabei die Ehre. 30 Feuerwehrfahrzeuge aus 150 Jahren Feuerwehrgeschichte waren dabei zu sehen. Auch zahlreiche Festkapellen gaben sich ein Stell-Dich-Ein, unter anderem die Musikkapelle Bischofshofen und der Spielmannszug Unterhaching. Auch wenn das Wetter beim Festzug nicht ganz wie gew\u00fcnscht ausfiel, so hatten doch die Teilnehmer und die zahlreichen Zuschauer eine gro\u00dfartige Zeit miteinander. Vor allem die historischen L\u00f6schfahrzeuge sorgten f\u00fcr Begeisterung bei den Besuchern. <\/p>\n","protected":false},"excerpt":{"rendered":"Vom 29. Mai bis zum 1. Juni feierte die Freiwillige Feuerwehr Unterhaching ihren stolzen 150. Geburtstag. Dabei bescherten&hellip;\n","protected":false},"author":2,"featured_media":157859,"comment_status":"","ping_status":"","sticky":false,"template":"","format":"standard","meta":{"footnotes":""},"categories":[1827],"tags":[772,55327,29,30,9246,1268,55326],"class_list":{"0":"post-157858","1":"post","2":"type-post","3":"status-publish","4":"format-standard","5":"has-post-thumbnail","7":"category-muenchen","8":"tag-bayern","9":"tag-brunnthal","10":"tag-deutschland","11":"tag-germany","12":"tag-kunst-kultur-veranstaltungen","13":"tag-muenchen","14":"tag-neubiberg"},"share_on_mastodon":{"url":"https:\/\/pubeurope.com\/@de\/114610699345496523","error":""},"_links":{"self":[{"href":"https:\/\/www.europesays.com\/de\/wp-json\/wp\/v2\/posts\/157858","targetHints":{"allow":["GET"]}}],"collection":[{"href":"https:\/\/www.europesays.com\/de\/wp-json\/wp\/v2\/posts"}],"about":[{"href":"https:\/\/www.europesays.com\/de\/wp-json\/wp\/v2\/types\/post"}],"author":[{"embeddable":true,"href":"https:\/\/www.europesays.com\/de\/wp-json\/wp\/v2\/users\/2"}],"replies":[{"embeddable":true,"href":"https:\/\/www.europesays.com\/de\/wp-json\/wp\/v2\/comments?post=157858"}],"version-history":[{"count":0,"href":"https:\/\/www.europesays.com\/de\/wp-json\/wp\/v2\/posts\/157858\/revisions"}],"wp:featuredmedia":[{"embeddable":true,"href":"https:\/\/www.europesays.com\/de\/wp-json\/wp\/v2\/media\/157859"}],"wp:attachment":[{"href":"https:\/\/www.europesays.com\/de\/wp-json\/wp\/v2\/media?parent=157858"}],"wp:term":[{"taxonomy":"category","embeddable":true,"href":"https:\/\/www.europesays.com\/de\/wp-json\/wp\/v2\/categories?post=157858"},{"taxonomy":"post_tag","embeddable":true,"href":"https:\/\/www.europesays.com\/de\/wp-json\/wp\/v2\/tags?post=157858"}],"curies":[{"name":"wp","href":"https:\/\/api.w.org\/{rel}","templated":true}]}}