{"id":157866,"date":"2025-06-01T23:30:10","date_gmt":"2025-06-01T23:30:10","guid":{"rendered":"https:\/\/www.europesays.com\/de\/157866\/"},"modified":"2025-06-01T23:30:10","modified_gmt":"2025-06-01T23:30:10","slug":"berlin-brandenburg-drei-verletzte-bei-blutiger-auseinandersetzung-in-berlin","status":"publish","type":"post","link":"https:\/\/www.europesays.com\/de\/157866\/","title":{"rendered":"Berlin &#038; Brandenburg: Drei Verletzte bei blutiger Auseinandersetzung in Berlin"},"content":{"rendered":"<p>                    Berlin &amp; Brandenburg<br \/>\n                Drei Verletzte bei blutiger Auseinandersetzung in Berlin<\/p>\n<p>\t\t\t\t              02.06.2025, 01:11 Uhr<\/p>\n<p><strong>Rettungskr\u00e4fte m\u00fcssen drei Verletzte mit Stich- und Schnittwunden versorgen. Wie es zu dem Streik in Berlin-Neuk\u00f6lln kam, ist noch nicht gekl\u00e4rt. Einen Tatverd\u00e4chtigen gibt es aber.<\/strong><\/p>\n<p>Berlin (dpa\/bb) &#8211; Bei einer gewaltsamen Auseinandersetzung in Berlin-Neuk\u00f6lln haben drei Menschen Stich- und Schnittwunden erlitten. Rettungskr\u00e4fte h\u00e4tten die Verletzten am Sonntagabend behandelt und in eine Klinik gebracht, sagte ein Sprecher der Polizei.\u00a0<\/p>\n<p>Die drei M\u00e4nner sollen sich nach derzeitigen Erkenntnissen der Polizei gegenseitig verwundet haben. Einer von ihnen wurde als mutma\u00dflicher Tatverd\u00e4chtiger vorl\u00e4ufig in Gewahrsam genommen. Zur Schwere der Verletzungen oder weiteren Details machte der Polizeisprecher keine Angaben.<\/p>\n","protected":false},"excerpt":{"rendered":"Berlin &amp; Brandenburg Drei Verletzte bei blutiger Auseinandersetzung in Berlin 02.06.2025, 01:11 Uhr Rettungskr\u00e4fte m\u00fcssen drei Verletzte mit&hellip;\n","protected":false},"author":2,"featured_media":157867,"comment_status":"","ping_status":"","sticky":false,"template":"","format":"standard","meta":{"footnotes":""},"categories":[1816],"tags":[1960,1958,1959,1957,2028,296,1956,1890,29,8699,30,3258],"class_list":{"0":"post-157866","1":"post","2":"type-post","3":"status-publish","4":"format-standard","5":"has-post-thumbnail","7":"category-brandenburg","8":"tag-aktuelle-nachrichten-aus-berlin-und-brandenburg","9":"tag-aktuelle-nachrichten-aus-brandenburg","10":"tag-aktuelle-news-aus-berlin-und-brandenburg","11":"tag-aktuelle-news-aus-brandenburg","12":"tag-auseinandersetzung","13":"tag-berlin","14":"tag-berlin-und-brandenburg","15":"tag-brandenburg","16":"tag-deutschland","17":"tag-drei","18":"tag-germany","19":"tag-verletzte"},"share_on_mastodon":{"url":"https:\/\/pubeurope.com\/@de\/114610715043327424","error":""},"_links":{"self":[{"href":"https:\/\/www.europesays.com\/de\/wp-json\/wp\/v2\/posts\/157866","targetHints":{"allow":["GET"]}}],"collection":[{"href":"https:\/\/www.europesays.com\/de\/wp-json\/wp\/v2\/posts"}],"about":[{"href":"https:\/\/www.europesays.com\/de\/wp-json\/wp\/v2\/types\/post"}],"author":[{"embeddable":true,"href":"https:\/\/www.europesays.com\/de\/wp-json\/wp\/v2\/users\/2"}],"replies":[{"embeddable":true,"href":"https:\/\/www.europesays.com\/de\/wp-json\/wp\/v2\/comments?post=157866"}],"version-history":[{"count":0,"href":"https:\/\/www.europesays.com\/de\/wp-json\/wp\/v2\/posts\/157866\/revisions"}],"wp:featuredmedia":[{"embeddable":true,"href":"https:\/\/www.europesays.com\/de\/wp-json\/wp\/v2\/media\/157867"}],"wp:attachment":[{"href":"https:\/\/www.europesays.com\/de\/wp-json\/wp\/v2\/media?parent=157866"}],"wp:term":[{"taxonomy":"category","embeddable":true,"href":"https:\/\/www.europesays.com\/de\/wp-json\/wp\/v2\/categories?post=157866"},{"taxonomy":"post_tag","embeddable":true,"href":"https:\/\/www.europesays.com\/de\/wp-json\/wp\/v2\/tags?post=157866"}],"curies":[{"name":"wp","href":"https:\/\/api.w.org\/{rel}","templated":true}]}}