{"id":157868,"date":"2025-06-01T23:31:10","date_gmt":"2025-06-01T23:31:10","guid":{"rendered":"https:\/\/www.europesays.com\/de\/157868\/"},"modified":"2025-06-01T23:31:10","modified_gmt":"2025-06-01T23:31:10","slug":"trzaskowski-und-nawrocki-fast-gleich-auf","status":"publish","type":"post","link":"https:\/\/www.europesays.com\/de\/157868\/","title":{"rendered":"Trzaskowski und Nawrocki fast gleich auf"},"content":{"rendered":"<p class=\"font-sans font-medium\">Berlin. In einer neuen Prognose zur Wahl in Polen liegt der konservative Kandidat Karol Nawrocki knapp vor dem liberalen Trzaskowski. Die Zahlen<\/p>\n<p>Bei der <strong>Stichwahl <\/strong>um das Pr\u00e4sidentenamt in <a href=\"https:\/\/www.morgenpost.de\/panorama\/polen\/\" data-category-full-path=\"https:\/\/www.morgenpost.de\/panorama\/\" data-paid-status=\"free\" data-article-publish-date=\"1656498654\" rel=\"nofollow noopener\" target=\"_blank\">Polen<\/a> zeichnet sich nach ersten Prognosen ein Kopf-an-Kopf-Rennen ab. Auf den rechtskonservativen Kandidaten Karol Nawrocki entfielen laut der neuesten Ipsos-Prognose von 23 Uhr 50,7 Prozent der Stimmen, sein liberaler Herausforderer Rafa\u0142 Trzaskowski bekam 49,3 Prozent. Die Prognosen beruhen auf der Grundlage von Nachwahlbefragungen in 500 Wahllokalen und Teilausz\u00e4hlungen in 250 dieser Wahllokale. Nach Angaben des Meinungsforschungsinstituts Ipsos haben diese detaillierten Prognosen eine Fehlertoleranz von einem Prozentpunkt.\u00a0Die Wahlbeteiligung soll bei 71,7 Prozent gelegen haben.\u00a0<\/p>\n<p><strong>Trzaskowski <\/strong>sprach direkt nach der Bekanntgabe der ersten Prognosen von einem Erfolg. \u201eWir haben gesiegt\u201c, sagte Trzaskowski unter dem Jubel seiner Anh\u00e4nger, \u201eaber auf der Rasierklinge.\u201c<\/p>\n<p>Auch <strong>Nawrocki <\/strong>erkl\u00e4rte sich nach den ersten Prognosen zum Sieger, berichtet die polnische \u201eGazeta Wyborcza\u201c.  \u201eWir werden gewinnen und wir werden Polen retten. Wir werden nicht zulassen, dass sich die Macht von Donald Tusk schlie\u00dft\u201c, sagte der rechtskonservative Kandidat.<\/p>\n<p>    <img decoding=\"async\" src=\"https:\/\/www.europesays.com\/de\/wp-content\/uploads\/2025\/06\/409075649_1748684883_v1_1_200.jpeg\" class=\"block w-full aspect-[1\/1] \" alt=\"206191_1325_206191_cover.jpg\" title=\"206191_1325_206191_cover.jpg\" loading=\"lazy\"\/><\/p>\n<p>Die rund 29 Millionen Wahlberechtigten waren aufgerufen, einen Nachfolger f\u00fcr Pr\u00e4sident Andrzej Duda zu w\u00e4hlen. Dieser durfte nach zwei Amtsperioden nicht noch einmal antreten.\u00a0Die <strong>Prognosen <\/strong>beruhen auf Nachwahlbefragungen in rund 500 Wahllokalen und haben eine Fehlertoleranz von zwei Prozentpunkten.<\/p>\n<p>    Auch interessant<\/p>\n<p>    <img decoding=\"async\" src=\"https:\/\/www.europesays.com\/de\/wp-content\/uploads\/2025\/06\/409163231_1748796564_v1_1_200.jpeg\" class=\"block w-full aspect-[1\/1] \" alt=\"Poland Holds Presidential Runoff Election\" title=\"WARSAW, POLAND - JUNE 01: A woman casts her ballot at a polling station during the Polish presidential runoff election on June 01, 2025 in Warsaw, Poland. Today's election is a closely contested race between Rafal Trzaskowski, the liberal mayor of Warsaw who is supported by Prime Minister Donald Tusk, and Karol Nawrocki of the Law and Justice Party (PiS), which has held the presidency since 2015. The election is seen as a test of whether the government, with its centrist parliamentary coalition, can overcome the right-wing populism embodied by PiS. (Photo by Sean Gallup\/Getty Images)\" loading=\"lazy\"\/><\/p>\n<p>   Richtungsentscheidung f\u00fcr Polen  <\/p>\n<p>Die Abstimmung gilt als <strong>Richtungswahl <\/strong>f\u00fcr Polen. Der parteilose Nawrocki ist der Kandidat der rechtskonservativen PiS,\u00a0Polens\u00a0gr\u00f6\u00dfter Oppositionspartei, die von 2015 bis 2023 das Land regierte und vor allem durch die umstrittene Justizreform und einen R\u00fcckbau von Rechtsstaatlichkeit f\u00fcr Aufsehen sorgte.<\/p>\n<p>Das seit Dezember 2023 regierende Mitte-Links-B\u00fcndnis von <strong>Donald Tusk <\/strong>hat versucht, mit Reformprojekten vieles davon zur\u00fcckzudrehen. Doch der bisherige Pr\u00e4sident Duda, der aus den Reihen der PiS stammt, hatte diese mit seinem Veto gebremst. Tusk hat im Parlament nicht die n\u00f6tige Mehrheit von 60 Prozent, um Vetos des Pr\u00e4sidenten aufzuheben.<\/p>\n<p>   Hauptstadt Inside von J\u00f6rg Quoos, Chefredakteur der FUNKE Zentralredaktion<\/p>\n<p class=\"text-body2 mt-2\">Hinter den Kulissen der Politik &#8211; meinungsstark, exklusiv, relevant.<\/p>\n<p class=\"text-caption text-copy-secondary\">\n          Mit meiner Anmeldung zum Newsletter stimme ich der<br \/>\n          <a href=\"https:\/\/www.morgenpost.de\/service\/newsletter-adconsent\" class=\"text-overline text-copy-accent-negative dark:underline\" rel=\"nofollow noopener\" target=\"_blank\">Werbevereinbarung<\/a><br \/>\n          zu.\n        <\/p>\n<p>Der polnische Regierungschef hofft deshalb auf einen Wahlsieg seines politischen Mitstreiters <strong>Trzaskowski<\/strong>. Der 53-j\u00e4hrige Warschauer Oberb\u00fcrgermeister gilt innerhalb seines politischen Lagers als progressiv und links. Als Staatsoberhaupt w\u00fcrde er Tusks Kurs st\u00fctzen.<\/p>\n<p>    Auch interessant<\/p>\n<p>    <img decoding=\"async\" src=\"https:\/\/www.europesays.com\/de\/wp-content\/uploads\/2025\/06\/409025159_1747546487_v1_1_200.jpeg\" class=\"block w-full aspect-[1\/1] \" alt=\"Presidential Candidates Hold Political Rallies Ahead of Polish General Election\" title=\"Rafal Trzaskowski (hier bei einem Auftritt in Krakau): Der B\u00fcrgermeister von Warschau gilt als Favorit bei der polnischen Pr\u00e4sidentschaftswahl am Sonntag.\" loading=\"lazy\"\/><\/p>\n<p>   Polnischer Pr\u00e4sident hat viel Macht  <\/p>\n<p>In\u00a0Polen\u00a0amtiert der Pr\u00e4sident f\u00fcnf Jahre. Das Staatsoberhaupt hat <strong>mehr Befugnisse<\/strong> als der Bundespr\u00e4sident in Deutschland. Er repr\u00e4sentiert das Land nicht nur nach au\u00dfen. Der Pr\u00e4sident hat auch Einfluss auf die Au\u00dfenpolitik, er ernennt den Regierungschef sowie das Kabinett und ist im Kriegsfall Oberkommandierender der polnischen Streitkr\u00e4fte. Vor allem aber kann er der Regierung mit seinem Vetorecht das Leben schwer machen.<\/p>\n<p rel=\"author\" class=\"text-brand\">jst\/dpa<\/p>\n","protected":false},"excerpt":{"rendered":"Berlin. In einer neuen Prognose zur Wahl in Polen liegt der konservative Kandidat Karol Nawrocki knapp vor dem&hellip;\n","protected":false},"author":2,"featured_media":157869,"comment_status":"","ping_status":"","sticky":false,"template":"","format":"standard","meta":{"footnotes":""},"categories":[1825],"tags":[1941,1939,296,1937,29,30,1940,1938],"class_list":{"0":"post-157868","1":"post","2":"type-post","3":"status-publish","4":"format-standard","5":"has-post-thumbnail","7":"category-berlin","8":"tag-aktuelle-nachrichten-aus-berlin","9":"tag-aktuelle-news-aus-berlin","10":"tag-berlin","11":"tag-berlin-news","12":"tag-deutschland","13":"tag-germany","14":"tag-nachrichten-aus-berlin","15":"tag-news-aus-berlin"},"share_on_mastodon":{"url":"https:\/\/pubeurope.com\/@de\/114610718990234963","error":""},"_links":{"self":[{"href":"https:\/\/www.europesays.com\/de\/wp-json\/wp\/v2\/posts\/157868","targetHints":{"allow":["GET"]}}],"collection":[{"href":"https:\/\/www.europesays.com\/de\/wp-json\/wp\/v2\/posts"}],"about":[{"href":"https:\/\/www.europesays.com\/de\/wp-json\/wp\/v2\/types\/post"}],"author":[{"embeddable":true,"href":"https:\/\/www.europesays.com\/de\/wp-json\/wp\/v2\/users\/2"}],"replies":[{"embeddable":true,"href":"https:\/\/www.europesays.com\/de\/wp-json\/wp\/v2\/comments?post=157868"}],"version-history":[{"count":0,"href":"https:\/\/www.europesays.com\/de\/wp-json\/wp\/v2\/posts\/157868\/revisions"}],"wp:featuredmedia":[{"embeddable":true,"href":"https:\/\/www.europesays.com\/de\/wp-json\/wp\/v2\/media\/157869"}],"wp:attachment":[{"href":"https:\/\/www.europesays.com\/de\/wp-json\/wp\/v2\/media?parent=157868"}],"wp:term":[{"taxonomy":"category","embeddable":true,"href":"https:\/\/www.europesays.com\/de\/wp-json\/wp\/v2\/categories?post=157868"},{"taxonomy":"post_tag","embeddable":true,"href":"https:\/\/www.europesays.com\/de\/wp-json\/wp\/v2\/tags?post=157868"}],"curies":[{"name":"wp","href":"https:\/\/api.w.org\/{rel}","templated":true}]}}