{"id":157870,"date":"2025-06-01T23:32:10","date_gmt":"2025-06-01T23:32:10","guid":{"rendered":"https:\/\/www.europesays.com\/de\/157870\/"},"modified":"2025-06-01T23:32:10","modified_gmt":"2025-06-01T23:32:10","slug":"grosseinsatz-der-feuerwehr-lagerhalle-in-berlin-brennt-2","status":"publish","type":"post","link":"https:\/\/www.europesays.com\/de\/157870\/","title":{"rendered":"Gro\u00dfeinsatz der Feuerwehr: Lagerhalle in Berlin brennt"},"content":{"rendered":"<p class=\"paragraph tw-mx-auto tw-mb-6\">Mit \u00fcber 100 Einsatzkr\u00e4ften k\u00e4mpft die Feuerwehr gegen einen Gro\u00dfbrand auf einem Firmengel\u00e4nde in Berlin-Marzahn. Eine Lagerhalle stehe in Flammen, sagte ein Sprecher der Feuerwehr am sp\u00e4ten Abend. Auch Paletten und Holzstapel auf dem Gel\u00e4nde h\u00e4tten Feuer gefangen.\u00a0<\/p>\n<p class=\"paragraph tw-mx-auto tw-mb-6\">Gesch\u00e4tzt brennen demnach etwa 1.000 Quadratmeter. Der Einsatz k\u00f6nnte laut Feuerwehrsprecher noch bis in die fr\u00fchen Morgenstunden andauern. Menschen seien durch das Feuer nach den derzeitigen Erkenntnissen aber nicht in Gefahr.<\/p>\n","protected":false},"excerpt":{"rendered":"Mit \u00fcber 100 Einsatzkr\u00e4ften k\u00e4mpft die Feuerwehr gegen einen Gro\u00dfbrand auf einem Firmengel\u00e4nde in Berlin-Marzahn. Eine Lagerhalle stehe&hellip;\n","protected":false},"author":2,"featured_media":157871,"comment_status":"","ping_status":"","sticky":false,"template":"","format":"standard","meta":{"footnotes":""},"categories":[1825],"tags":[296,986,29,30],"class_list":{"0":"post-157870","1":"post","2":"type-post","3":"status-publish","4":"format-standard","5":"has-post-thumbnail","7":"category-berlin","8":"tag-berlin","9":"tag-braende","10":"tag-deutschland","11":"tag-germany"},"share_on_mastodon":{"url":"https:\/\/pubeurope.com\/@de\/114610722821215254","error":""},"_links":{"self":[{"href":"https:\/\/www.europesays.com\/de\/wp-json\/wp\/v2\/posts\/157870","targetHints":{"allow":["GET"]}}],"collection":[{"href":"https:\/\/www.europesays.com\/de\/wp-json\/wp\/v2\/posts"}],"about":[{"href":"https:\/\/www.europesays.com\/de\/wp-json\/wp\/v2\/types\/post"}],"author":[{"embeddable":true,"href":"https:\/\/www.europesays.com\/de\/wp-json\/wp\/v2\/users\/2"}],"replies":[{"embeddable":true,"href":"https:\/\/www.europesays.com\/de\/wp-json\/wp\/v2\/comments?post=157870"}],"version-history":[{"count":0,"href":"https:\/\/www.europesays.com\/de\/wp-json\/wp\/v2\/posts\/157870\/revisions"}],"wp:featuredmedia":[{"embeddable":true,"href":"https:\/\/www.europesays.com\/de\/wp-json\/wp\/v2\/media\/157871"}],"wp:attachment":[{"href":"https:\/\/www.europesays.com\/de\/wp-json\/wp\/v2\/media?parent=157870"}],"wp:term":[{"taxonomy":"category","embeddable":true,"href":"https:\/\/www.europesays.com\/de\/wp-json\/wp\/v2\/categories?post=157870"},{"taxonomy":"post_tag","embeddable":true,"href":"https:\/\/www.europesays.com\/de\/wp-json\/wp\/v2\/tags?post=157870"}],"curies":[{"name":"wp","href":"https:\/\/api.w.org\/{rel}","templated":true}]}}