{"id":157890,"date":"2025-06-01T23:44:11","date_gmt":"2025-06-01T23:44:11","guid":{"rendered":"https:\/\/www.europesays.com\/de\/157890\/"},"modified":"2025-06-01T23:44:11","modified_gmt":"2025-06-01T23:44:11","slug":"daniel-altmaier-scheidet-im-achtelfinale-aus","status":"publish","type":"post","link":"https:\/\/www.europesays.com\/de\/157890\/","title":{"rendered":"Daniel Altmaier scheidet im Achtelfinale aus"},"content":{"rendered":"<p>Keine Sensation im Achtelfinale <\/p>\n<p>Deutscher Tennisprofi scheidet bei French Open aus<\/p>\n<p>01.06.2025 &#8211; 21:31 UhrLesedauer: 2 Min.<\/p>\n<p><a href=\"#focus-0\" class=\"transition-colors duration-200 focus-within:text-magenta block text-current relative\" data-sctrack=\"FocusGalleryImage.Reference\"><img fetchpriority=\"high\" data-testid=\"Opener.Image\" style=\"--lqipURL:url('https:\/\/images.t-online.de\/2025\/06\/gF-lLNXTO0PU\/0x155:4000x2250\/fit-in\/150x0\/filters:blur(25)\/tennis-french-open-2025-paris-france-01-jun-25-tennis-atp-tennis-herren-world-tour-french-open-roland-garros-grand-slam-image-shows-daniel-altmaier-ger-publicationxnotxinxautxsuixswe-gepaxpictures-xmichaelxriedler.jpg')\"   loading=\"eager\" src=\"https:\/\/www.europesays.com\/de\/wp-content\/uploads\/2025\/06\/tennis-french-open-2025-paris-france-01-jun-25-tennis-atp-tennis-herren-world-tour-french-open-rolan.jpeg\" alt=\"imago images 1062669636\" title=\"imago images 1062669636\" width=\"4000\" height=\"2250\" class=\"bg-[url:var(--lqipURL)] bg-cover bg-center flex w-full max-w-full h-full\" decoding=\"async\"\/><img style=\"--width:32;--height:32\" loading=\"lazy\" src=\"https:\/\/www.europesays.com\/de\/wp-content\/uploads\/2025\/05\/zoom-in.f7dae02f.svg.svg+xml\" alt=\"Vergr\u00f6\u00dfern des Bildes\" title=\"Vergr\u00f6\u00dfern des Bildes\" class=\"&#10;        block&#10;        h-[calc(var(--height)_\/_16_*_1rem)]&#10;        w-[calc(var(--width)_\/_16_*_1rem)]&#10;        max-w-none&#10;        absolute bottom-8 right-8 rounded-4 bg-snow p-8\" decoding=\"async\"\/><\/a><\/p>\n<p>Daniel Altmaier: Das Viertelfinale hat er bei einem Grand-Slam-Turnier noch nie erreicht. (Quelle: IMAGO\/GEPA pictures\/ Michael Riedler\/imago)<\/p>\n<p class=\"font-bold text-18 leading-17\">Die Erfolgsstory von Daniel Altmaier in Paris ist vorbei. Im Achtelfinale ist f\u00fcr den Tennisprofi bei den French Open Schluss. Jetzt ist in Paris nur noch ein Deutscher dabei.<\/p>\n<p class=\"text-18 leading-17\">Daniel Altmaier hat den erstmaligen Einzug ins Viertelfinale eines Grand-Slam-Turniers klar verpasst. Der 26 Jahre alte Tennisprofi verlor in Paris gegen den Amerikaner Frances Tiafoe mit 3:6, 4:6, 6:7 (4:7) und schied damit bei den <a class=\"transition-colors duration-200 cursor-pointer text-inherit no-underline text-salemsfur md:hover:text-magenta md:hover:border-magenta md:focus:text-magenta border-current border-b border-solid break-words\" href=\"https:\/\/www.t-online.de\/themen\/french-open\/\" data-sctrack=\"BodyAnchor\" target=\"_blank\" rel=\"noopener\">French Open<\/a> im Achtelfinale aus. Altmaier musste sich nach 2:18 Stunden geschlagen geben.<\/p>\n<p class=\"text-18 leading-17\">Damit ist von den neun deutschen Tennisprofis im Stade Roland Garros nur noch <a class=\"transition-colors duration-200 cursor-pointer text-inherit no-underline text-salemsfur md:hover:text-magenta md:hover:border-magenta md:focus:text-magenta border-current border-b border-solid break-words\" href=\"https:\/\/www.t-online.de\/themen\/alexander-zverev\/\" data-sctrack=\"BodyAnchor\" target=\"_blank\" rel=\"noopener\">Alexander Zverev<\/a> dabei. Der Vorjahresfinalist bekommt es im Kampf um den Einzug ins Viertelfinale an diesem Montag im zweiten Spiel nach 11.00 Uhr (Eurosport) mit dem Niederl\u00e4nder Tallon Griekspoor zu tun. Im vergangenen Jahr setzte sich Zverev gegen Griekspoor im Stade Roland Garros erst im Tiebreak des f\u00fcnften Satzes durch.<\/p>\n<p class=\"text-18 leading-17\">Im Falle eines Weiterkommens k\u00f6nnte es f\u00fcr Zverev im Viertelfinale zu einem Duell mit Novak Djokovi\u0107 kommen. Der Rekord-Grand-Slam-Champion aus Serbien trifft in seinem Achtelfinale auf den Briten Cameron Norrie.<\/p>\n<p class=\"text-18 leading-17\">Altmaier konnte gegen Tiafoe insgesamt nicht an seine starken Leistungen aus den ersten drei Runden ankn\u00fcpfen. Die deutsche Nummer zwei, die zum Auftakt den Weltranglisten-Vierten Taylor Fritz besiegt hatte, brauchte eine Weile, um in Schwung zu kommen &#8211; da f\u00fchrte der Amerikaner bereits mit 4:0. Zwar fand Altmaier dann seinen Rhythmus, der erste Satz war nach 35 Minuten aber futsch.<\/p>\n<p class=\"text-18 leading-17\">Im zweiten Durchgang begegnete Altmaier seinem Gegner dann auf Augenh\u00f6he, musste zum 3:4 aber erneut ein Break hinnehmen. Altmaier warf den Schl\u00e4ger auf den Boden, schlug einen Ball hoch in die Luft \u2013 der Davis-Cup-Profi merkte, dass Tiafoe an diesem Abend nicht unschlagbar war, er aber nicht an seine Topform heranreichte.<\/p>\n<p class=\"text-18 leading-17\">Nach verlorenem zweiten Satz h\u00e4mmerte Altmaier den Schl\u00e4ger gegen seine Bank und verschwand danach ein paar Minuten zum Wechseln der Klamotten vom Platz. Und die Pause schien ihm gutgetan zu haben, denn im dritten Satz bestimmte er zun\u00e4chst das Geschehen. Zweimal nahm er Tiafoe den Aufschlag ab, doch beide Mal lie\u00df er ihn zur\u00fcck in die Partie kommen und gab selbst sein Service ab. Im Tiebreak hatte Tiafoe dann die besseren Nerven und gewann am Ende verdient.<\/p>\n<p class=\"text-18 leading-17\">Dennoch kann Altmaier mit seinem Abschneiden im Stade Roland Garros zufrieden sein. Erst zum zweiten Mal \u00fcberhaupt stand er bei einem <a class=\"transition-colors duration-200 cursor-pointer text-inherit no-underline text-salemsfur md:hover:text-magenta md:hover:border-magenta md:focus:text-magenta border-current border-b border-solid break-words\" href=\"https:\/\/www.t-online.de\/themen\/grand-slam-turnier\/\" data-sctrack=\"BodyAnchor\" target=\"_blank\" rel=\"noopener\">Grand-Slam-Turnier<\/a> im Achtelfinale, n\u00e4hert sich nun den Top 50 in der Weltrangliste an.<\/p>\n<p class=\"text-18 leading-17\">Bei den <a class=\"transition-colors duration-200 cursor-pointer text-inherit no-underline text-salemsfur md:hover:text-magenta md:hover:border-magenta md:focus:text-magenta border-current border-b border-solid break-words\" href=\"https:\/\/www.t-online.de\/themen\/australian-open\/\" data-sctrack=\"BodyAnchor\" target=\"_blank\" rel=\"noopener\">Australian Open<\/a> im kommenden Jahr wolle er zu den gesetzten Spielern geh\u00f6ren, hatte Altmaier angek\u00fcndigt. Daf\u00fcr muss er unter die Top 32 \u2013 und Spiele wie gegen Tiafoe in Paris gewinnen.<\/p>\n","protected":false},"excerpt":{"rendered":"Keine Sensation im Achtelfinale Deutscher Tennisprofi scheidet bei French Open aus 01.06.2025 &#8211; 21:31 UhrLesedauer: 2 Min. Daniel&hellip;\n","protected":false},"author":2,"featured_media":157891,"comment_status":"","ping_status":"","sticky":false,"template":"","format":"standard","meta":{"footnotes":""},"categories":[136],"tags":[10329,55333,29,20798,30,23146,319,55334,265],"class_list":{"0":"post-157890","1":"post","2":"type-post","3":"status-publish","4":"format-standard","5":"has-post-thumbnail","7":"category-sport","8":"tag-alexander-zverev","9":"tag-daniel-altmaier","10":"tag-deutschland","11":"tag-french-open","12":"tag-germany","13":"tag-grand-slam-turnier","14":"tag-paris","15":"tag-roland-garros","16":"tag-sport"},"share_on_mastodon":{"url":"https:\/\/pubeurope.com\/@de\/114610770095058277","error":""},"_links":{"self":[{"href":"https:\/\/www.europesays.com\/de\/wp-json\/wp\/v2\/posts\/157890","targetHints":{"allow":["GET"]}}],"collection":[{"href":"https:\/\/www.europesays.com\/de\/wp-json\/wp\/v2\/posts"}],"about":[{"href":"https:\/\/www.europesays.com\/de\/wp-json\/wp\/v2\/types\/post"}],"author":[{"embeddable":true,"href":"https:\/\/www.europesays.com\/de\/wp-json\/wp\/v2\/users\/2"}],"replies":[{"embeddable":true,"href":"https:\/\/www.europesays.com\/de\/wp-json\/wp\/v2\/comments?post=157890"}],"version-history":[{"count":0,"href":"https:\/\/www.europesays.com\/de\/wp-json\/wp\/v2\/posts\/157890\/revisions"}],"wp:featuredmedia":[{"embeddable":true,"href":"https:\/\/www.europesays.com\/de\/wp-json\/wp\/v2\/media\/157891"}],"wp:attachment":[{"href":"https:\/\/www.europesays.com\/de\/wp-json\/wp\/v2\/media?parent=157890"}],"wp:term":[{"taxonomy":"category","embeddable":true,"href":"https:\/\/www.europesays.com\/de\/wp-json\/wp\/v2\/categories?post=157890"},{"taxonomy":"post_tag","embeddable":true,"href":"https:\/\/www.europesays.com\/de\/wp-json\/wp\/v2\/tags?post=157890"}],"curies":[{"name":"wp","href":"https:\/\/api.w.org\/{rel}","templated":true}]}}