{"id":157892,"date":"2025-06-01T23:45:15","date_gmt":"2025-06-01T23:45:15","guid":{"rendered":"https:\/\/www.europesays.com\/de\/157892\/"},"modified":"2025-06-01T23:45:15","modified_gmt":"2025-06-01T23:45:15","slug":"kitchen-impossible-maelzers-team-bekommt-einen-platzverweis-beim-dreh-unterhaltung","status":"publish","type":"post","link":"https:\/\/www.europesays.com\/de\/157892\/","title":{"rendered":"\u201eKitchen Impossible\u201c: M\u00e4lzers Team bekommt einen Platzverweis beim Dreh | Unterhaltung"},"content":{"rendered":"<p>New York \u2013<b> Heikler Moment bei \u201eKitchen Impossible\u201c! In der aktuellen Folge des Koch-Spektakels kommt es zu einem kleinen Zwischenfall. Beim Dreh einer Szene muss das Team von Tim M\u00e4lzer (54) pl\u00f6tzlich den Standort wechseln. Platzverweis! Was war da denn los?<\/b><\/p>\n<p>Der Schauplatz des kulinarischen Kr\u00e4ftemessens ist diesmal New York. Gegen Profi-Brutzler <a href=\"https:\/\/www.bild.de\/themen\/personen\/tim-maelzer\/nachrichten-news-fotos-videos-tv-shows-15786830.bild.html\" class=\"text-link\" target=\"_blank\" rel=\"noopener\">Tim M\u00e4lzer<\/a> treten zwei Koryph\u00e4en der Gastro-Szene an: die Sterne-K\u00f6che Edi Frauneder (47) und Mario Lohninger (51). In Runde 1 m\u00fcssen aber erstmal die Herausforderer ins Duell. Dabei l\u00e4uft nicht alles wie am Schn\u00fcrchen. <\/p>\n<p><img decoding=\"async\" width=\"992\" height=\"744\" alt=\"Edi Frauneder (l.) und Mario Lohninger kochen in der Show vegetarisch mit orientalischen Zutaten\" src=\"https:\/\/www.europesays.com\/de\/wp-content\/uploads\/2025\/06\/852349c30b189356b1db7962a6359ab8,4ee24909\"   class=\"dynamic\" loading=\"lazy\"\/><\/p>\n<p class=\"fig__caption__text\">Edi Frauneder (l.) und Mario Lohninger kochen in der Show vegetarisch mit orientalischen Zutaten<\/p>\n<p>Foto: RTL \/ Endemol Shine \/ Tracey Gudwin<\/p>\n<p><img decoding=\"async\" width=\"992\" height=\"744\" alt=\"In der K\u00fcche geht es mal wieder hektisch zu: Mario Lohninger (l.) und Edi Frauneder bei der Arbeit\" src=\"https:\/\/www.europesays.com\/de\/wp-content\/uploads\/2025\/06\/3d4caf80f41691c402ac3f36a51afd4c,a428deba\"   class=\"dynamic\" loading=\"lazy\"\/><\/p>\n<p class=\"fig__caption__text\">In der K\u00fcche geht es mal wieder hektisch zu: Mario Lohninger (l.) und Edi Frauneder bei der Arbeit<\/p>\n<p>Foto: RTL \/ Endemol Shine \/ Tracey Gudwin<\/p>\n<p>Sicherheitsdienst beendet Dreh<\/p>\n<p>Im New Yorker Stadtteil Williamsburg bekommen beide die Boxen mit dem Original-Gericht gebracht, das es ohne Rezept nachzukochen gilt. Auf dem Speiseplan steht ger\u00e4ucherte Aubergine mit einem P\u00fcree aus orientalischen Ingredienzien und Sesampaste.<\/p>\n<p>Lesen Sie auch<\/p>\n<p>Als die TV-K\u00f6che gerade getrennt voneinander mit der Verkostung beginnen wollen, um die Zutaten zu analysieren, schaltet sich ein Mann vom Sicherheitsdienst ein. Dessen Ansage ist unmissverst\u00e4ndlich: \u201eHey Leute, ich muss euch bitten, die Dreharbeiten einzustellen. Das hier ist Privatgel\u00e4nde.\u201c Der strenge Wachmann zu <a href=\"https:\/\/www.bild.de\/unterhaltung\/leute\/leute\/tim-maelzer-im-steckbrief-alles-ueber-den-starkoch-im-ueberblick-85922134.bild.html\" class=\"text-link\" target=\"_blank\" rel=\"noopener\">M\u00e4lzers<\/a> Kamerateam: \u201eDas ist hier nicht erlaubt!\u201c<\/p>\n<p><img decoding=\"async\" width=\"992\" height=\"744\" alt=\"Gute Location, aber leider war der Dreh nicht allzu entspannt. Tim M\u00e4lzer (M) und seine Kollegen mussten die Sachen packen\" src=\"https:\/\/www.europesays.com\/de\/wp-content\/uploads\/2025\/06\/f4e0f7fee9a886925d3ecba34dded2b7,f1dfabc7\"   class=\"dynamic\" loading=\"lazy\"\/><\/p>\n<p class=\"fig__caption__text\">Tim M\u00e4lzer (l.) und Mario Lohninger (r.) bei der Zubereitung ihrer Dinner<\/p>\n<p>Foto: RTL \/ Endemol Shine \/ Tracey Gudwin<\/p>\n<p>Damit hatte die Crew des Star-Kochs nicht gerechnet, muss fix alle Siebensachen packen. Die beiden <a href=\"https:\/\/www.bild.de\/news\/inland\/er-hatte-3-sterne-und-kochte-gegen-tim-maelzer-deutscher-star-koch-insolvent-6811e7a012ee6b68d1b78d96\" class=\"text-link\" target=\"_blank\" rel=\"noopener\">Profi-K\u00f6che<\/a> schleppen ihre Boxen quer durch New York. Edi Frauneder erz\u00e4hlt sp\u00e4ter am\u00fcsiert: \u201eMario und ich sind wie eine Karawane die Stra\u00dfe hochgeeiert, um einen neuen Platz zu finden.\u201c Am Ende muss die Verkostung an einer schlichten Stra\u00dfenecke \u00fcber die B\u00fchne gehen.<\/p>\n<p>Tim M\u00e4lzer nur auf Platz 2<\/p>\n<p>F\u00fcr die Profi-K\u00f6che erweist sich das beinahe als schlechtes Omen. Was sie sp\u00e4ter am Herd zaubern, st\u00f6\u00dft bei den Testessern auf ein durchwachsenes Echo. Mario Lohninger gewinnt das Duell knapp. Aber auch Tim M\u00e4lzer hat in der Show zu k\u00e4mpfen. Er kauft f\u00fcr seine Runden nicht alle Zutaten richtig ein und schneidet sich beim Schnibbeln des Selleries fast in die Finger.<\/p>\n<p><img decoding=\"async\" width=\"992\" height=\"744\" alt=\"Tim M\u00e4lzer sucht im Supermarkt nach guten, organischen Zutaten\" src=\"https:\/\/www.europesays.com\/de\/wp-content\/uploads\/2025\/06\/c533841387a0932b7b5be37cf428ceb5,ce1c8805\"   class=\"dynamic\" loading=\"lazy\"\/><\/p>\n<p class=\"fig__caption__text\">Tim M\u00e4lzer sucht im Supermarkt nach guten organischen Zutaten<\/p>\n<p>Foto: RTL \/ Endemol Shine \/ Tracey Gudwin<\/p>\n<p>Zum Schluss triumphiert Edi Frauneder, der die meisten Punkte erbrutzeln kann. Tim M\u00e4lzer muss sich diesmal mit dem 2. Platz zufriedengeben. Mario Lohninger wird Dritter.<\/p>\n","protected":false},"excerpt":{"rendered":"New York \u2013 Heikler Moment bei \u201eKitchen Impossible\u201c! In der aktuellen Folge des Koch-Spektakels kommt es zu einem&hellip;\n","protected":false},"author":2,"featured_media":157893,"comment_status":"","ping_status":"","sticky":false,"template":"","format":"standard","meta":{"footnotes":""},"categories":[155],"tags":[29,214,30,29689,29690,29688,45,215,230],"class_list":{"0":"post-157892","1":"post","2":"type-post","3":"status-publish","4":"format-standard","5":"has-post-thumbnail","7":"category-unterhaltung","8":"tag-deutschland","9":"tag-entertainment","10":"tag-germany","11":"tag-kitchen-impossible","12":"tag-kochsendung","13":"tag-maelzer-tim","14":"tag-texttospeech","15":"tag-unterhaltung","16":"tag-vox"},"share_on_mastodon":{"url":"https:\/\/pubeurope.com\/@de\/114610774180362429","error":""},"_links":{"self":[{"href":"https:\/\/www.europesays.com\/de\/wp-json\/wp\/v2\/posts\/157892","targetHints":{"allow":["GET"]}}],"collection":[{"href":"https:\/\/www.europesays.com\/de\/wp-json\/wp\/v2\/posts"}],"about":[{"href":"https:\/\/www.europesays.com\/de\/wp-json\/wp\/v2\/types\/post"}],"author":[{"embeddable":true,"href":"https:\/\/www.europesays.com\/de\/wp-json\/wp\/v2\/users\/2"}],"replies":[{"embeddable":true,"href":"https:\/\/www.europesays.com\/de\/wp-json\/wp\/v2\/comments?post=157892"}],"version-history":[{"count":0,"href":"https:\/\/www.europesays.com\/de\/wp-json\/wp\/v2\/posts\/157892\/revisions"}],"wp:featuredmedia":[{"embeddable":true,"href":"https:\/\/www.europesays.com\/de\/wp-json\/wp\/v2\/media\/157893"}],"wp:attachment":[{"href":"https:\/\/www.europesays.com\/de\/wp-json\/wp\/v2\/media?parent=157892"}],"wp:term":[{"taxonomy":"category","embeddable":true,"href":"https:\/\/www.europesays.com\/de\/wp-json\/wp\/v2\/categories?post=157892"},{"taxonomy":"post_tag","embeddable":true,"href":"https:\/\/www.europesays.com\/de\/wp-json\/wp\/v2\/tags?post=157892"}],"curies":[{"name":"wp","href":"https:\/\/api.w.org\/{rel}","templated":true}]}}