{"id":157894,"date":"2025-06-01T23:46:09","date_gmt":"2025-06-01T23:46:09","guid":{"rendered":"https:\/\/www.europesays.com\/de\/157894\/"},"modified":"2025-06-01T23:46:09","modified_gmt":"2025-06-01T23:46:09","slug":"iphone-17-einstiegsmodell-verzichtet-auf-a19-chip-und-12gb-ram","status":"publish","type":"post","link":"https:\/\/www.europesays.com\/de\/157894\/","title":{"rendered":"iPhone 17 Einstiegsmodell verzichtet auf A19 Chip und 12GB RAM"},"content":{"rendered":"<p><img decoding=\"async\" style=\"display: block;\" src=\"https:\/\/www.europesays.com\/de\/wp-content\/uploads\/2025\/06\/iPhone_17_Air_Leak.jpg\" fetchpriority=\"high\"   data-original=\"https:\/\/www.europesays.com\/de\/wp-content\/uploads\/2025\/06\/iPhone_17_Air_Leak.jpg\" alt=\"iPhone 17 Air Leak  Bild &#xA9; Front Page Tech\" class=\"feature\"\/>iPhone 17 Air Leak (Bild \u00a9 Front Page Tech)<\/p>\n<p>Laut einer Research Note von GF Securities, die MacRumors vorliegt, wird das Standard-iPhone 17 die 8 GB RAM-Konfiguration des Vorg\u00e4ngermodells beibehalten. Au\u00dferdem k\u00f6nnte es weiterhin mit dem A18-Prozessor ausgestattet sein, anstatt auf den <strong><a href=\"https:\/\/www.pcmasters.de\/news\/133713010-iphone-17-a19-soc-wird-in-3-nm-gefertigt.html\" rel=\"nofollow noopener\" target=\"_blank\">neuen A19-Chip<\/a><\/strong> aufzur\u00fcsten, der voraussichtlich auf dem neuesten 3nm-Node von TSMC gefertigt wird.<\/p>\n<p>Dieser Schritt scheint die allgemeine Strategie von Apple widerzuspiegeln, um die steigenden Komponentenkosten auszugleichen, insbesondere mit der erwarteten Einf\u00fchrung von LTPO-OLED-Panels in der iPhone 17-Reihe. Die LTPO-Bildschirme erm\u00f6glichen zwar hohe Bildwiederholraten, erh\u00f6hen aber auch die Herstellungskosten erheblich. Das Basismodell wird daher m\u00f6glicherweise an anderer Stelle Kompromisse eingehen, vor allem beim Speicher und bei der Prozessorleistung, um einen wettbewerbsf\u00e4higen Preis zu erzielen.<\/p>\n<p>iPhone 17 Air Ausstattung<\/p>\n<p>Im Gegensatz dazu wird das <strong><a href=\"https:\/\/www.pcmasters.de\/news\/133714083-iphone-17-air-leak-redesign-bringt-das-duennste-iphone.html\" rel=\"nofollow noopener\" target=\"_blank\">iPhone 17 Air<\/a><\/strong> ein fortschrittlicheres Paket bieten, m\u00f6glicherweise mit 12 GB RAM und dem A19 Chip. Diese Upgrades waren bisher nur den Pro-Modellen vorbehalten, die Ger\u00fcchten zufolge auch \u00fcber eine VaporChamber f\u00fcr das W\u00e4rmemanagement verf\u00fcgen. Sollte dies zutreffen, w\u00e4re das Air-Modell eine leistungsorientierte Alternative f\u00fcr Nutzer\/innen, die nicht bereit sind, auf das <strong><a href=\"https:\/\/www.pcmasters.de\/news\/133712694-tsmc-2-nanometer-chips-kommen-ins-iphone-17-pro.html\" rel=\"nofollow noopener\" target=\"_blank\">iPhone 17 Pro<\/a><\/strong>-Modell umzusteigen.<\/p>\n<p>Trotz des reduzierten Spezifikationen k\u00f6nnte das Basis-iPhone 17 von bedeutenden Verbesserungen bei der Displaytechnologie profitieren. Angesichts der starken Verkaufszahlen des <strong><a href=\"https:\/\/www.pcmasters.de\/news\/133713661-lohnt-sich-ein-upgrade-auf-iphone-16-pro-ueberhaupt.html\" rel=\"nofollow noopener\" target=\"_blank\">iPhone 16<\/a><\/strong> im ersten Quartal 2025, trotz fehlender Funktionen wie Displays mit hoher Bildwiederholrate, k\u00f6nnte Apple zuversichtlich sein, dass es die Nachfrage auch mit einer bescheidenen Hardware-Aktualisierung ankurbeln kann.<\/p>\n<p>Alle Details zu Apples n\u00e4chster Smartphone-Generation werden voraussichtlich auf dem \u00fcblichen Herbst-Event des Unternehmens im September enth\u00fcllt werden.<\/p>\n","protected":false},"excerpt":{"rendered":"iPhone 17 Air Leak (Bild \u00a9 Front Page Tech) Laut einer Research Note von GF Securities, die MacRumors&hellip;\n","protected":false},"author":2,"featured_media":157895,"comment_status":"","ping_status":"","sticky":false,"template":"","format":"standard","meta":{"footnotes":""},"categories":[135],"tags":[55337,55336,14506,29,55335,30,54795,44631,190,189,194,191,193,192],"class_list":{"0":"post-157894","1":"post","2":"type-post","3":"status-publish","4":"format-standard","5":"has-post-thumbnail","7":"category-wissenschaft-technik","8":"tag-12gb","9":"tag-a19","10":"tag-chip","11":"tag-deutschland","12":"tag-einstiegsmodell","13":"tag-germany","14":"tag-iphone-17","15":"tag-ram","16":"tag-science","17":"tag-science-technology","18":"tag-technik","19":"tag-technology","20":"tag-wissenschaft","21":"tag-wissenschaft-technik"},"share_on_mastodon":{"url":"https:\/\/pubeurope.com\/@de\/114610777972453635","error":""},"_links":{"self":[{"href":"https:\/\/www.europesays.com\/de\/wp-json\/wp\/v2\/posts\/157894","targetHints":{"allow":["GET"]}}],"collection":[{"href":"https:\/\/www.europesays.com\/de\/wp-json\/wp\/v2\/posts"}],"about":[{"href":"https:\/\/www.europesays.com\/de\/wp-json\/wp\/v2\/types\/post"}],"author":[{"embeddable":true,"href":"https:\/\/www.europesays.com\/de\/wp-json\/wp\/v2\/users\/2"}],"replies":[{"embeddable":true,"href":"https:\/\/www.europesays.com\/de\/wp-json\/wp\/v2\/comments?post=157894"}],"version-history":[{"count":0,"href":"https:\/\/www.europesays.com\/de\/wp-json\/wp\/v2\/posts\/157894\/revisions"}],"wp:featuredmedia":[{"embeddable":true,"href":"https:\/\/www.europesays.com\/de\/wp-json\/wp\/v2\/media\/157895"}],"wp:attachment":[{"href":"https:\/\/www.europesays.com\/de\/wp-json\/wp\/v2\/media?parent=157894"}],"wp:term":[{"taxonomy":"category","embeddable":true,"href":"https:\/\/www.europesays.com\/de\/wp-json\/wp\/v2\/categories?post=157894"},{"taxonomy":"post_tag","embeddable":true,"href":"https:\/\/www.europesays.com\/de\/wp-json\/wp\/v2\/tags?post=157894"}],"curies":[{"name":"wp","href":"https:\/\/api.w.org\/{rel}","templated":true}]}}