{"id":157898,"date":"2025-06-01T23:48:12","date_gmt":"2025-06-01T23:48:12","guid":{"rendered":"https:\/\/www.europesays.com\/de\/157898\/"},"modified":"2025-06-01T23:48:12","modified_gmt":"2025-06-01T23:48:12","slug":"wadephul-verspricht-waffenhilfe-und-schaerfere-sanktionen","status":"publish","type":"post","link":"https:\/\/www.europesays.com\/de\/157898\/","title":{"rendered":"Wadephul verspricht Waffenhilfe und sch\u00e4rfere Sanktionen"},"content":{"rendered":"<p>Verhandlungen mit Russland <\/p>\n<p>Wadephul hofft: &#8222;Der Wendepunkt kann da sein&#8220;<\/p>\n<p>Aktualisiert am 01.06.2025 &#8211; 21:25 UhrLesedauer: 2 Min.<\/p>\n<p><a href=\"#focus-0\" class=\"transition-colors duration-200 focus-within:text-magenta block text-current relative\" data-sctrack=\"FocusGalleryImage.Reference\"><img fetchpriority=\"high\" data-testid=\"Opener.Image\" style=\"--lqipURL:url('https:\/\/images.t-online.de\/2025\/05\/UyAGhvTxk1Ya\/0x208:4000x2250\/fit-in\/150x0\/filters:blur(25)\/johann-wadephul-cdu-bundesaussenminister-reist-nach-madrid-und-lissabon-hier-an-bord-einer-global-5000-auf-dem-flug-von-hamburg-nach-madrid-madrid-26-052025-fotografiert-im-auftrag-des-auswaertigen-amtes-madrid-spanien-johann-wadephul-cdu-federal-foreign-minister-travels-to-madrid-and-lisbon-here-on-board-a-global-5000-on-the-flight-from-hamburg-to-madrid-madrid-26-05-2025-photographed-on-behalf-of-the-foreign-office-madrid-spain-copyright-xthomasximo-aax.jpg')\"   loading=\"eager\" src=\"https:\/\/www.europesays.com\/de\/wp-content\/uploads\/2025\/06\/johann-wadephul-cdu-bundesaussenminister-reist-nach-madrid-und-lissabon-hier-an-bord-einer-global-50.jpeg\" alt=\"imago images 0820704922\" title=\"imago images 0820704922\" width=\"4000\" height=\"2250\" class=\"bg-[url:var(--lqipURL)] bg-cover bg-center flex w-full max-w-full h-full\" decoding=\"async\"\/><img style=\"--width:32;--height:32\" loading=\"lazy\" src=\"https:\/\/www.europesays.com\/de\/wp-content\/uploads\/2025\/05\/zoom-in.f7dae02f.svg.svg+xml\" alt=\"Vergr\u00f6\u00dfern des Bildes\" title=\"Vergr\u00f6\u00dfern des Bildes\" class=\"&#10;        block&#10;        h-[calc(var(--height)_\/_16_*_1rem)]&#10;        w-[calc(var(--width)_\/_16_*_1rem)]&#10;        max-w-none&#10;        absolute bottom-8 right-8 rounded-4 bg-snow p-8\" decoding=\"async\"\/><\/a><\/p>\n<p>Johann Wadephul (CDU): Der Bundesau\u00dfenminister setzt Hoffnungen in die Gespr\u00e4che zwischen Russland und der Ukraine in Istanbul. (Quelle: Thomas Imo\/imago)<\/p>\n<p class=\"font-bold text-18 leading-17\">Au\u00dfenminister Wadephul will die Ukraine durch deutsche Finanzierung eigener Waffenproduktion st\u00e4rken. Zugleich setzt er auf sch\u00e4rfere Sanktionen gegen Russland \u2013 auch Nord Stream soll betroffen sein.<\/p>\n<p class=\"text-18 leading-17\">Au\u00dfenminister Johann Wadephul hat eine weitreichende Waffenhilfe f\u00fcr die <a class=\"transition-colors duration-200 cursor-pointer text-inherit no-underline text-salemsfur md:hover:text-magenta md:hover:border-magenta md:focus:text-magenta border-current border-b border-solid break-words\" href=\"https:\/\/www.t-online.de\/themen\/ukraine\/\" data-sctrack=\"BodyAnchor\" rel=\"nofollow noopener\" target=\"_blank\">Ukraine<\/a> angek\u00fcndigt und neue Schritte gegen <a class=\"transition-colors duration-200 cursor-pointer text-inherit no-underline text-salemsfur md:hover:text-magenta md:hover:border-magenta md:focus:text-magenta border-current border-b border-solid break-words\" href=\"https:\/\/www.t-online.de\/themen\/russland\/\" data-sctrack=\"BodyAnchor\" rel=\"nofollow noopener\" target=\"_blank\">Russland<\/a> in Aussicht gestellt. In der ZDF-Sendung &#8222;Berlin direkt&#8220; sagte Wadephul am Sonntag, Deutschland werde der Ukraine nicht nur Waffen liefern, sondern sie auch bef\u00e4higen, selbst Waffensysteme mit gro\u00dfer Reichweite zu entwickeln und zu produzieren. &#8222;Deutschland wird das finanzieren&#8220;, betonte der CDU-Politiker. Dies sei &#8222;langfristig eine wirkliche Lebensversicherung f\u00fcr die Ukraine&#8220;.<\/p>\n<p class=\"text-18 leading-17\">Der Minister bezog sich dabei auf eine deutsch-ukrainische Vereinbarung, die am Mittwoch geschlossen worden war. Diese Kooperation sei ein langfristiges sicherheitspolitisches Signal, erkl\u00e4rte er. Parallel zur milit\u00e4rischen Unterst\u00fctzung sprach Wadephul sich f\u00fcr eine Versch\u00e4rfung der Sanktionen gegen Russland aus.<\/p>\n<p class=\"text-18 leading-17\">Wadephul zufolge pr\u00fcft die EU-Kommission derzeit eine Absenkung des Preisdeckels f\u00fcr russisches \u00d6l. Ziel sei es, Moskaus Einnahmen aus dem Energieverkauf weiter zu reduzieren. &#8222;Das wird die russische Wirtschaft und den Staatshaushalt schwer treffen&#8220;, sagte der Au\u00dfenminister. Auch der Gasbereich solle einbezogen werden: &#8222;Deutschland hat keine Probleme damit, dass Nord Stream 1 und 2 auch ber\u00fchrt sein werden.&#8220; Es gehe darum, Russland mit wirtschaftlichem Druck an den Verhandlungstisch zu bringen. &#8222;Das hei\u00dft, es wird konkret&#8220;, sagte Wadephul. &#8222;Es kann noch einen Wendepunkt geben. Aber Russland muss an den Verhandlungstisch kommen.&#8220;<\/p>\n<p class=\"text-18 leading-17\">Mit Blick auf neue Gespr\u00e4che zwischen Russland und der Ukraine zeigte sich Wadephul vorsichtig optimistisch. Das f\u00fcr Montag in <a class=\"transition-colors duration-200 cursor-pointer text-inherit no-underline text-salemsfur md:hover:text-magenta md:hover:border-magenta md:focus:text-magenta border-current border-b border-solid break-words\" href=\"https:\/\/www.t-online.de\/themen\/istanbul\/\" data-sctrack=\"BodyAnchor\" rel=\"nofollow noopener\" target=\"_blank\">Istanbul<\/a> geplante Treffen k\u00f6nne ein &#8222;technischer Auftakt&#8220; f\u00fcr weitere Verhandlungen sein. &#8222;Russland muss jetzt auch wissen, der Wendepunkt kann da sein.&#8220;<\/p>\n<p class=\"text-18 leading-17\">Wadephul k\u00fcndigte zudem an, am Montag in <a class=\"transition-colors duration-200 cursor-pointer text-inherit no-underline text-salemsfur md:hover:text-magenta md:hover:border-magenta md:focus:text-magenta border-current border-b border-solid break-words\" href=\"https:\/\/www.t-online.de\/region\/berlin\/\" data-sctrack=\"BodyAnchor\" rel=\"nofollow noopener\" target=\"_blank\">Berlin<\/a> mit dem US-Senator <a class=\"transition-colors duration-200 cursor-pointer text-inherit no-underline text-salemsfur md:hover:text-magenta md:hover:border-magenta md:focus:text-magenta border-current border-b border-solid break-words\" href=\"https:\/\/www.t-online.de\/themen\/lindsey-graham\/\" data-sctrack=\"BodyAnchor\" rel=\"nofollow noopener\" target=\"_blank\">Lindsey Graham<\/a> zusammenzutreffen. Graham bereite im US-Senat derzeit ein umfassendes Paket sogenannter Sekund\u00e4rsanktionen vor, das auch Drittstaaten treffen soll, die russisches \u00d6l kaufen. &#8222;Ich gehe nach meinen Gespr\u00e4chen mit Marco Rubio davon aus, dass dieses Paket auch in der n\u00e4chsten Woche im amerikanischen Senat beraten wird und erste Schritte zur Umsetzung kommen&#8220;, erkl\u00e4rte Wadephul.<\/p>\n<p class=\"text-18 leading-17\">Der Republikaner Graham hat das Sanktionspaket gemeinsam mit dem demokratischen Senator Richard Blumenthal vorbereitet. Es wird im Senat voraussichtlich eine breite, partei\u00fcbergreifende Unterst\u00fctzung erhalten. Graham wolle damit jedoch offenbar den Vermittlungsversuchen seines Parteikollegen <a class=\"transition-colors duration-200 cursor-pointer text-inherit no-underline text-salemsfur md:hover:text-magenta md:hover:border-magenta md:focus:text-magenta border-current border-b border-solid break-words\" href=\"https:\/\/www.t-online.de\/themen\/donald-trump\/\" data-sctrack=\"BodyAnchor\" rel=\"nofollow noopener\" target=\"_blank\">Donald Trump<\/a> nicht vorgreifen. Im Repr\u00e4sentantenhaus m\u00fcsste das Paket ebenfalls eine Mehrheit finden.<\/p>\n<p class=\"text-18 leading-17\">Graham hatte sich am Freitag gemeinsam mit Blumenthal in Kiew mit dem ukrainischen Pr\u00e4sidenten <a class=\"transition-colors duration-200 cursor-pointer text-inherit no-underline text-salemsfur md:hover:text-magenta md:hover:border-magenta md:focus:text-magenta border-current border-b border-solid break-words\" href=\"https:\/\/www.t-online.de\/themen\/wolodymyr-selenskyj\/\" data-sctrack=\"BodyAnchor\" rel=\"nofollow noopener\" target=\"_blank\">Wolodymyr Selenskyj<\/a> beraten. Anschlie\u00dfend erkl\u00e4rte er, bis Mitte Juni im Senat \u00fcber das Paket abstimmen zu wollen. Europa und die USA h\u00e4tten die Hebel in der Hand und k\u00f6nnten auch Staaten wie <a class=\"transition-colors duration-200 cursor-pointer text-inherit no-underline text-salemsfur md:hover:text-magenta md:hover:border-magenta md:focus:text-magenta border-current border-b border-solid break-words\" href=\"https:\/\/www.t-online.de\/themen\/china\/\" data-sctrack=\"BodyAnchor\" rel=\"nofollow noopener\" target=\"_blank\">China<\/a> und <a class=\"transition-colors duration-200 cursor-pointer text-inherit no-underline text-salemsfur md:hover:text-magenta md:hover:border-magenta md:focus:text-magenta border-current border-b border-solid break-words\" href=\"https:\/\/www.t-online.de\/themen\/indien\/\" data-sctrack=\"BodyAnchor\" rel=\"nofollow noopener\" target=\"_blank\">Indien<\/a> zu einem Kurswechsel bewegen, sagte Graham nach Gespr\u00e4chen in <a class=\"transition-colors duration-200 cursor-pointer text-inherit no-underline text-salemsfur md:hover:text-magenta md:hover:border-magenta md:focus:text-magenta border-current border-b border-solid break-words\" href=\"https:\/\/www.t-online.de\/themen\/frankreich\/\" data-sctrack=\"BodyAnchor\" rel=\"nofollow noopener\" target=\"_blank\">Frankreich<\/a> mit unter anderem Pr\u00e4sident <a class=\"transition-colors duration-200 cursor-pointer text-inherit no-underline text-salemsfur md:hover:text-magenta md:hover:border-magenta md:focus:text-magenta border-current border-b border-solid break-words\" href=\"https:\/\/www.t-online.de\/themen\/emmanuel-macron\/\" data-sctrack=\"BodyAnchor\" rel=\"nofollow noopener\" target=\"_blank\">Emmanuel Macron<\/a>.<\/p>\n","protected":false},"excerpt":{"rendered":"Verhandlungen mit Russland Wadephul hofft: &#8222;Der Wendepunkt kann da sein&#8220; Aktualisiert am 01.06.2025 &#8211; 21:25 UhrLesedauer: 2 Min.&hellip;\n","protected":false},"author":2,"featured_media":157899,"comment_status":"","ping_status":"","sticky":false,"template":"","format":"standard","meta":{"footnotes":""},"categories":[3],"tags":[722,326,296,31,29,942,13,145,1211,32794,308,14,15,49882,307,9562,12,10,8,9,11,317,55339,103,55338,104],"class_list":{"0":"post-157898","1":"post","2":"type-post","3":"status-publish","4":"format-standard","5":"has-post-thumbnail","7":"category-welt","8":"tag-722","9":"tag-326","10":"tag-berlin","11":"tag-cdu","12":"tag-deutschland","13":"tag-eu-kommission","14":"tag-headlines","15":"tag-istanbul","16":"tag-johann-wadephul","17":"tag-lindsey-graham","18":"tag-moskau","19":"tag-nachrichten","20":"tag-news","21":"tag-nord-stream","22":"tag-russland","23":"tag-sanktion","24":"tag-schlagzeilen","25":"tag-top-news","26":"tag-top-meldungen","27":"tag-topmeldungen","28":"tag-topnews","29":"tag-ukraine","30":"tag-waffenproduktion","31":"tag-welt","32":"tag-wendepunkt","33":"tag-world"},"share_on_mastodon":{"url":"https:\/\/pubeurope.com\/@de\/114610785715164837","error":""},"_links":{"self":[{"href":"https:\/\/www.europesays.com\/de\/wp-json\/wp\/v2\/posts\/157898","targetHints":{"allow":["GET"]}}],"collection":[{"href":"https:\/\/www.europesays.com\/de\/wp-json\/wp\/v2\/posts"}],"about":[{"href":"https:\/\/www.europesays.com\/de\/wp-json\/wp\/v2\/types\/post"}],"author":[{"embeddable":true,"href":"https:\/\/www.europesays.com\/de\/wp-json\/wp\/v2\/users\/2"}],"replies":[{"embeddable":true,"href":"https:\/\/www.europesays.com\/de\/wp-json\/wp\/v2\/comments?post=157898"}],"version-history":[{"count":0,"href":"https:\/\/www.europesays.com\/de\/wp-json\/wp\/v2\/posts\/157898\/revisions"}],"wp:featuredmedia":[{"embeddable":true,"href":"https:\/\/www.europesays.com\/de\/wp-json\/wp\/v2\/media\/157899"}],"wp:attachment":[{"href":"https:\/\/www.europesays.com\/de\/wp-json\/wp\/v2\/media?parent=157898"}],"wp:term":[{"taxonomy":"category","embeddable":true,"href":"https:\/\/www.europesays.com\/de\/wp-json\/wp\/v2\/categories?post=157898"},{"taxonomy":"post_tag","embeddable":true,"href":"https:\/\/www.europesays.com\/de\/wp-json\/wp\/v2\/tags?post=157898"}],"curies":[{"name":"wp","href":"https:\/\/api.w.org\/{rel}","templated":true}]}}