{"id":157915,"date":"2025-06-01T23:57:15","date_gmt":"2025-06-01T23:57:15","guid":{"rendered":"https:\/\/www.europesays.com\/de\/157915\/"},"modified":"2025-06-01T23:57:15","modified_gmt":"2025-06-01T23:57:15","slug":"schafft-die-westerholter-sonderbehandlung-ab","status":"publish","type":"post","link":"https:\/\/www.europesays.com\/de\/157915\/","title":{"rendered":"Schafft die Westerholter Sonderbehandlung ab!"},"content":{"rendered":"<p>\tKommentar: Schafft die Westerholter Sonderbehandlung ab!<\/p>\n<p><a class=\"skip-link screen-reader-text\" href=\"#content\">Zum Inhalt springen<\/a><br \/>\n<a class=\"skip-link screen-reader-text\" href=\"#site-navigation\">Zur Navigation springen<\/a><\/p>\n<p>\t01.06.2025 18:30 Uhr<\/p>\n<p>\t\tTeilen<\/p>\n<p>\n\tIn Merkliste \u00fcbernehmen\n<\/p>\n<p>    <a href=\"https:\/\/www.hertener-allgemeine.de\/wp-content\/uploads\/2025\/05\/31\/09\/630_0900_4753859_HAL_Ortseingangsschild_Westerholt-1648x824.jpg\" target=\"_blank\" rel=\"noopener\"><\/p>\n<p>            <img decoding=\"async\" fetchpriority=\"high\" src=\"https:\/\/www.europesays.com\/de\/wp-content\/uploads\/2025\/06\/630_0900_4753858_HAL_Ortseingangsschild_Westerholt-640x428.jpg\" width=\"640\" height=\"428\"  alt=\"Ortseingangsschild, auf dem gro\u00df Westerholt und kleiner Herten steht.\"\/><\/p>\n<p>    <\/a><br \/>\n    Vor 50 Jahren &#8222;eingemeindet&#8220;, aber immer noch mit einem eigenen politischen Gremium und dem eigenen Ortsnamen auf den amtlichen Hertener Schildern gesegnet: Westerholt. \u00a9 Joachim Schmidt<\/p>\n<p class=\"article__teaser-text\">Der Hertener Stadtrat sollte seinen Teil zum B\u00fcrokratieabbau beitragen und nach der Wahl als erstes seinen \u00fcberfl\u00fcssigen Bezirksausschuss ersatzlos abschaffen.<\/p>\n<p>1 Min Lesezeit<\/p>\n<p>50 Jahre nach der Einheit<\/p>\n<p>\n\t<a href=\"https:\/\/www.hertener-allgemeine.de\" class=\"button button--brand button--link home-button\" target=\"_blank\" rel=\"noopener\">Zur Startseite<\/a>\n<\/p>\n<p class=\"boxed centered\">\n\t\tSie sind bereits registriert?<br \/><a href=\"https:\/\/www.hertener-allgemeine.de\/login\/?redirect_to=http:\/\/herten\/herten-kommentar-50-jahre-nach-der-einheit-schafft-die-westerholter-sonderbehandlung-ab-w1035651-8000991158\" target=\"_blank\" rel=\"noopener\">Hier einloggen<\/a>\n\t<\/p>\n","protected":false},"excerpt":{"rendered":"Kommentar: Schafft die Westerholter Sonderbehandlung ab! Zum Inhalt springen Zur Navigation springen 01.06.2025 18:30 Uhr Teilen In Merkliste&hellip;\n","protected":false},"author":2,"featured_media":157916,"comment_status":"","ping_status":"","sticky":false,"template":"","format":"standard","meta":{"footnotes":""},"categories":[1848],"tags":[3364,29,548,663,3934,3658,30,13,4693,3648,14,15,1209,12],"class_list":{"0":"post-157915","1":"post","2":"type-post","3":"status-publish","4":"format-standard","5":"has-post-thumbnail","7":"category-gelsenkirchen","8":"tag-de","9":"tag-deutschland","10":"tag-eu","11":"tag-europa","12":"tag-europe","13":"tag-gelsenkirchen","14":"tag-germany","15":"tag-headlines","16":"tag-kommentar","17":"tag-lokalpolitik","18":"tag-nachrichten","19":"tag-news","20":"tag-nordrhein-westfalen","21":"tag-schlagzeilen"},"share_on_mastodon":{"url":"https:\/\/pubeurope.com\/@de\/114610821080242933","error":""},"_links":{"self":[{"href":"https:\/\/www.europesays.com\/de\/wp-json\/wp\/v2\/posts\/157915","targetHints":{"allow":["GET"]}}],"collection":[{"href":"https:\/\/www.europesays.com\/de\/wp-json\/wp\/v2\/posts"}],"about":[{"href":"https:\/\/www.europesays.com\/de\/wp-json\/wp\/v2\/types\/post"}],"author":[{"embeddable":true,"href":"https:\/\/www.europesays.com\/de\/wp-json\/wp\/v2\/users\/2"}],"replies":[{"embeddable":true,"href":"https:\/\/www.europesays.com\/de\/wp-json\/wp\/v2\/comments?post=157915"}],"version-history":[{"count":0,"href":"https:\/\/www.europesays.com\/de\/wp-json\/wp\/v2\/posts\/157915\/revisions"}],"wp:featuredmedia":[{"embeddable":true,"href":"https:\/\/www.europesays.com\/de\/wp-json\/wp\/v2\/media\/157916"}],"wp:attachment":[{"href":"https:\/\/www.europesays.com\/de\/wp-json\/wp\/v2\/media?parent=157915"}],"wp:term":[{"taxonomy":"category","embeddable":true,"href":"https:\/\/www.europesays.com\/de\/wp-json\/wp\/v2\/categories?post=157915"},{"taxonomy":"post_tag","embeddable":true,"href":"https:\/\/www.europesays.com\/de\/wp-json\/wp\/v2\/tags?post=157915"}],"curies":[{"name":"wp","href":"https:\/\/api.w.org\/{rel}","templated":true}]}}