{"id":157917,"date":"2025-06-01T23:58:26","date_gmt":"2025-06-01T23:58:26","guid":{"rendered":"https:\/\/www.europesays.com\/de\/157917\/"},"modified":"2025-06-01T23:58:26","modified_gmt":"2025-06-01T23:58:26","slug":"relegation-paukenschlag-der-tsg-woersdorf","status":"publish","type":"post","link":"https:\/\/www.europesays.com\/de\/157917\/","title":{"rendered":"Relegation: Paukenschlag der TSG W\u00f6rsdorf"},"content":{"rendered":"<p class=\"paragraph --regular --color\" data-v-a4a747d8=\"\" data-v-0c32301e=\"\"><strong>FV Biebrich 02 II \u2013 TSG W\u00f6rsdorf 1:4 (1:2). \u2013<\/strong> Die fr\u00fche F\u00fchrung durch Youssef Chourak schien Biebrich in die Karten zu spielen. Doch weit gefehlt. Die TSG nutzte konsequent Defensivschw\u00e4chen der 02er: Zuerst sah Luke Presber den im Gastgeber-Strafraum v\u00f6llig ungedeckten Niklas Muschter, der zum 1:1 traf. Nach feinem Pass in die Tiefe legte Kai Krambo gleich mit dem 2:1 f\u00fcr die G\u00e4ste nach. Die nutzten nach der Pause durch Filippos Alexiadis auch einen 02-Patzer im Aufbau zum 3:1 und packten durch Alexiadis noch einen drauf. \u201eEine unglaubliche Reaktion auf das Spiel in Bleidenstadt. Ich bin stolz auf die Jungs\u201c, lobte TSG-Coach Schahin Samdi. Abteilungschef Gianluca Braun war ebenfalls happy, warnt aber: \u201eBiebrich hat eine junge, technisch versierte Mannschaft, wir untersch\u00e4tzen das nicht.\u201c Bei den 02ern hat Volkan Zer, der mit \u00dcmit Balikci das Trainer-Duo bildet, den Endspieleinzug l\u00e4ngst nicht abgeschrieben: \u201eDie Jungs waren extrem nerv\u00f6s. So etwas kann passieren, das ist nicht schlimm. Letztlich waren die Tore vier Geschenke. Aber wir geben nicht auf.\u201c <\/p>\n","protected":false},"excerpt":{"rendered":"FV Biebrich 02 II \u2013 TSG W\u00f6rsdorf 1:4 (1:2). \u2013 Die fr\u00fche F\u00fchrung durch Youssef Chourak schien Biebrich&hellip;\n","protected":false},"author":2,"featured_media":157918,"comment_status":"","ping_status":"","sticky":false,"template":"","format":"standard","meta":{"footnotes":""},"categories":[1847],"tags":[3364,29,548,663,3934,30,13,2052,11188,14,15,10236,11189,12,11190,4544],"class_list":{"0":"post-157917","1":"post","2":"type-post","3":"status-publish","4":"format-standard","5":"has-post-thumbnail","7":"category-wiesbaden","8":"tag-de","9":"tag-deutschland","10":"tag-eu","11":"tag-europa","12":"tag-europe","13":"tag-germany","14":"tag-headlines","15":"tag-hessen","16":"tag-main-taunus","17":"tag-nachrichten","18":"tag-news","19":"tag-rhein-main","20":"tag-rheingau","21":"tag-schlagzeilen","22":"tag-untertaunus","23":"tag-wiesbaden"},"share_on_mastodon":{"url":"https:\/\/pubeurope.com\/@de\/114610825129768014","error":""},"_links":{"self":[{"href":"https:\/\/www.europesays.com\/de\/wp-json\/wp\/v2\/posts\/157917","targetHints":{"allow":["GET"]}}],"collection":[{"href":"https:\/\/www.europesays.com\/de\/wp-json\/wp\/v2\/posts"}],"about":[{"href":"https:\/\/www.europesays.com\/de\/wp-json\/wp\/v2\/types\/post"}],"author":[{"embeddable":true,"href":"https:\/\/www.europesays.com\/de\/wp-json\/wp\/v2\/users\/2"}],"replies":[{"embeddable":true,"href":"https:\/\/www.europesays.com\/de\/wp-json\/wp\/v2\/comments?post=157917"}],"version-history":[{"count":0,"href":"https:\/\/www.europesays.com\/de\/wp-json\/wp\/v2\/posts\/157917\/revisions"}],"wp:featuredmedia":[{"embeddable":true,"href":"https:\/\/www.europesays.com\/de\/wp-json\/wp\/v2\/media\/157918"}],"wp:attachment":[{"href":"https:\/\/www.europesays.com\/de\/wp-json\/wp\/v2\/media?parent=157917"}],"wp:term":[{"taxonomy":"category","embeddable":true,"href":"https:\/\/www.europesays.com\/de\/wp-json\/wp\/v2\/categories?post=157917"},{"taxonomy":"post_tag","embeddable":true,"href":"https:\/\/www.europesays.com\/de\/wp-json\/wp\/v2\/tags?post=157917"}],"curies":[{"name":"wp","href":"https:\/\/api.w.org\/{rel}","templated":true}]}}