{"id":157942,"date":"2025-06-02T00:13:10","date_gmt":"2025-06-02T00:13:10","guid":{"rendered":"https:\/\/www.europesays.com\/de\/157942\/"},"modified":"2025-06-02T00:13:10","modified_gmt":"2025-06-02T00:13:10","slug":"ukraine-greift-russland-tief-im-landesinneren-an-selenskyj-feiert-brillante-ergebnisse","status":"publish","type":"post","link":"https:\/\/www.europesays.com\/de\/157942\/","title":{"rendered":"Ukraine greift Russland tief im Landesinneren an \u2013 Selenskyj feiert \u201ebrillante\u201c Ergebnisse"},"content":{"rendered":"<p class=\"tspBYlv tspBYlw\">Der ukrainische <strong>Pr\u00e4sident Wolodymyr Selenskyj <\/strong>feiert die \u201eabsolut brillanten\u201c Ergebnisse des Angriffes auf vier Milit\u00e4rst\u00fctzpunkte tief im russischen Staatsgebiet. Es sei die \u201eweitreichendste Operation\u201c seines Landes seit Beginn des russischen Angriffskrieges gewesen, sagte Selenskyj am Sonntagabend. <\/p>\n<p class=\"tspBYlv\">Zugleich versicherte er, dass die daf\u00fcr <strong>nach Russland eingeschleusten Geheimdienstagenten \u201erechtzeitig aus dem russischen Gebiet zur\u00fcckgeholt\u201c <\/strong>worden seien. Dagegen hatte der Kreml erkl\u00e4rt, es seien mehrere Verd\u00e4chtige festgenommen worden. Beide Angaben lie\u00dfen sich nicht unabh\u00e4ngig pr\u00fcfen.<\/p>\n<p><a href=\"https:\/\/abo.tagesspiegel.de\/tagesspiegel-app?icid=single-topic_13785547___\" data-gtm-class=\"article-mzt-link\" class=\"tspB5mf\" rel=\"nofollow noopener\" target=\"_blank\">Die Tagesspiegel-App Aktuelle Nachrichten, Hintergr\u00fcnde und Analysen direkt auf Ihr Smartphone. Dazu die digitale Zeitung. Hier gratis herunterladen.  <\/a><\/p>\n<p class=\"tspBYlv\">Die Ukraine hat nach Angaben ihres Geheimdienstes am Sonntag \u201egro\u00dfangelegte\u201c Angriffe auf vier russische Luftwaffen-St\u00fctzpunkte <strong>weit hinter der ukrainischen Grenze bis nach Ostsibirien <\/strong>ausgef\u00fchrt. Ziel des Einsatzes sei \u201edie Zerst\u00f6rung feindlicher Kampfbomber\u201c, hie\u00df es aus Kreisen <a href=\"https:\/\/www.tagesspiegel.de\/internationales\/steckt-die-ukraine-dahinter-was-wir-uber-die-bruckeneinsturze-in-russland-wissen--und-was-nicht-13784710.html?icid=in-text-link_13785547\" class=\"link link--internal\" data-gtm-class=\"article-text-link\" data-gtm-val=\"internal\" rel=\"nofollow noopener\" target=\"_blank\">des ukrainischen Geheimdienstes<\/a> SBU. <\/p>\n<p class=\"tspBYlv\">In Kiew sagte ein Mitarbeiter des Geheimdienstes, man habe <strong>mehr als 40 russische Flugzeuge mit Drohnen angegriffen. <\/strong>Russland nutze diese strategische Bomber vom Typ Tu-95 und Tu-22, um Langstreckenraketen auf die Ukraine abzufeuern.<\/p>\n<p class=\"tspBYlv\">Mit dem Angriff habe die Ukraine der russischen Luftwaffe <strong>Sch\u00e4den in H\u00f6he von umgerechnet mehr als sechs Milliarden Euro zugef\u00fcg<\/strong>t, erkl\u00e4rte der SBU. Dem ukrainischen Pr\u00e4sidenten Wolodymyr Selenskyj zufolge kamen 117 Drohnen zum Einsatz.<\/p>\n<p class=\"tspBYlv\">Das russische Verteidigungsministerium <strong>best\u00e4tigte ukrainische Angriffe <\/strong>mit sogenannten First-Person-View-Drohnen, kurz FPV-Drohnen. Mehrere Flugzeuge seien dabei in Brand geraten, Menschen aber nicht zu Schaden gekommen. Es seien Verd\u00e4chtige f\u00fcr die Angriffe festgenommen worden, hie\u00df es aus Moskau. Aus Gebieten in der \u201eunmittelbaren Nachbarschaft\u201c von Flugpl\u00e4tzen seien Drohnen auf die Flugzeuge abgefeuert worden. <\/p>\n<p class=\"tspBYlv\">Die Ukraine nannte den Einsatz \u201eAktion Spinnennetz\u201c. Dabei h\u00e4tten sich die Angriffe unter anderem gegen die russische Milit\u00e4rbasis in Belaja in Ostsibirien gerichtet, die rund <strong>4200 Kilometer von der ukrainischen Grenze<\/strong> entfernt in der Region Irkutsk liegt. Zudem seien auch die Luftwaffen-St\u00fctzpunkte in Djagilewo, Iwanowo und in Olenia in der <a href=\"https:\/\/www.tagesspiegel.de\/internationales\/wichtigste-bastion-fur-nuklearen-zweitschlag-das-sind-putins-interessen-in-der-arktis-13001923.html?icid=in-text-link_13785547\" class=\"link link--internal\" data-gtm-class=\"article-text-link\" data-gtm-val=\"internal\" rel=\"nofollow noopener\" target=\"_blank\">Region Murmansk in der russischen Arktis angegriffen worden.<\/a> Diese Region liegt rund 1900 Kilometer von der Ukraine entfernt.\u00a0<\/p>\n<p class=\"tspSdi\">Empfohlener redaktioneller Inhalt<\/p>\n<p> An dieser Stelle finden Sie einen von unseren Redakteuren ausgew\u00e4hlten, externen Inhalt, der den Artikel f\u00fcr Sie mit zus\u00e4tzlichen Informationen anreichert. Sie k\u00f6nnen sich hier den externen Inhalt mit einem Klick anzeigen lassen oder wieder ausblenden. <\/p>\n<p> Externen Inhalt anzeigen <\/p>\n<p class=\"tspSdo\"> Ich bin damit einverstanden, dass mir der externe Inhalt angezeigt wird. Damit k\u00f6nnen personenbezogene Daten an Drittplattformen \u00fcbermittelt werden.  Mehr Informationen dazu erhalten Sie in den Datenschutz-Einstellungen. Diese finden Sie ganz unten auf unserer Seite im Footer, sodass Sie Ihre Einstellungen jederzeit verwalten oder widerrufen k\u00f6nnen. <\/p>\n<p class=\"tspBYlv\">Dabei seien <strong>Kampfflugzeuge <\/strong>vom <strong>Typ Tupolew Tu-95 <\/strong>sowie <strong>Tu-22 und spezielle Fr\u00fchwarnflugzeuge Berijew A-50 <\/strong>zerst\u00f6rt worden. Nach offiziell unbest\u00e4tigten Berichten setzte der ukrainische Geheimdienst <strong>Kampfdrohnen ein, die von Verstecken in Holzh\u00e4usern gestartet wurden,<\/strong> die auf Lastwagen verladen waren. Eine unabh\u00e4ngige Best\u00e4tigung war nicht m\u00f6glich. <\/p>\n<blockquote class=\"tspB2l9\">\n<p>Das ist der erste Angriff dieser Art in Sibirien.<\/p>\n<\/blockquote>\n<p class=\"tspB2ma\"> Igor Kobzew, Gouverneur der Region Irkutsk.<\/p>\n<p class=\"tspBYlv\">FPV-<a href=\"https:\/\/www.tagesspiegel.de\/internationales\/angriffsdrohnen-abfangjager-marschflugkorper-selenskyj-will-ukrainische-waffenproduktion-mithilfe-europaischer-partner-ausbauen-13769842.html?icid=in-text-link_13785547\" class=\"link link--internal\" data-gtm-class=\"article-text-link\" data-gtm-val=\"internal\" rel=\"nofollow noopener\" target=\"_blank\">Drohnen k\u00f6nnen aus Sicht einer eingebauten Kamera <\/a>gesteuert werden. Nach Angaben aus Kreisen der ukrainischen Geheimdienste wurden diese nach Russland geschmuggelt und von dort aus am Sonntag in Richtung ihrer Ziele gestartet.<\/p>\n<p class=\"tspBYlv\">Selenskyj feierte den \u00dcberraschungsangriff als \u201eabsolut brillanten Erfolg\u201c. Dies sei die weitestreichende Operation der Ukraine im bisherigen Kriegsverlauf. \u201eEin Jahr, sechs Monate und neun Tage vom Planungsbeginn bis zur effektiven Umsetzung\u201c, schrieb Selenskyj auf der Plattform X. Er habe den Geheimdienst angewiesen, die \u00d6ffentlichkeit \u00fcber einen Teil des Einsatzes zu informieren.<\/p>\n<p> Angriffe so weit im Landesinneren sind selten <\/p>\n<p class=\"tspBYlv\">Der Gouverneur der Region Irkutsk, Igor Kobzew, gab am Sonntag aber einen \u201eDrohnenangriff\u201c auf das Dorf Srednij bekannt, das direkt neben der Milit\u00e4rbasis von Belaja liegt. \u201eDas ist der erste Angriff dieser Art in Sibirien\u201c, sagte er. Er <strong>rief die Bev\u00f6lkerung auf, nicht in \u201ePanik\u201c zu verfallen.<\/strong> Auf einem Video, das der Gouverneur ver\u00f6ffentlichte und das anscheinend von Anwohnern gedreht worden war, ist eine Drohne am Himmel zu sehen und eine gro\u00dfe, graue Rauchwolke im Hintergrund.<\/p>\n<p> Mehr zum Ukraine-Krieg <a href=\"https:\/\/www.tagesspiegel.de\/internationales\/ablenkungsmanover-oder-reale-bedrohung-an-diesen-fronten-plant-russland-seine-sommeroffensive-13778098.html?icid=topic-list_13785547___\" data-gtm-class=\"article-mzt-link\" class=\"tspB5mf\" rel=\"nofollow noopener\" target=\"_blank\">Ablenkungsman\u00f6ver oder reale Bedrohung? An diesen Fronten plant Russland seine Sommeroffensive <\/a><a href=\"https:\/\/www.tagesspiegel.de\/wirtschaft\/der-boom-ist-vorbei-wie-es-wirklich-um-russlands-wirtschaft-steht-13777201.html?icid=topic-list_13785547___\" data-gtm-class=\"article-mzt-link\" class=\"tspB5mf\" rel=\"nofollow noopener\" target=\"_blank\">Der Boom ist vorbei Wie es wirklich um Russlands Wirtschaft steht <\/a><a href=\"https:\/\/www.tagesspiegel.de\/internationales\/mama-ich-lebe-ukraine-und-russland-setzen-riesen-gefangenenaustausch-fort-13749193.html?icid=topic-list_13785547___\" data-gtm-class=\"article-mzt-link\" class=\"tspB5mf\" rel=\"nofollow noopener\" target=\"_blank\">\u201eMama, ich lebe!\u201c Emotionale Szenen beim Riesen-Gefangenenaustausch zwischen der Ukraine und Russland <\/a><\/p>\n<p class=\"tspBYlv\">Der Gouverneur der Region Murmansk, Andrej Tschibis, hatte best\u00e4tigt, dass sich \u201efeindliche Drohnen\u201c am Himmel bef\u00e4nden und dass die Luftabwehr arbeite.\u00a0Russland gibt fast t\u00e4glich bekannt, ukrainische Drohnen \u00fcber seinem Gebiet abgeschossen zu haben. Es ist aber sehr selten, dass sie so weit im Landesinneren angreifen. <\/p>\n<p class=\"tspBYlv\">Die ukrainischen Angriffe erfolgten einen Tag vor voraussichtlich neuen direkten Gespr\u00e4chen zwischen Moskau und Kiew. Diese sollen am Montag in Istanbul stattfinden. (AFP, dpa)<\/p>\n","protected":false},"excerpt":{"rendered":"Der ukrainische Pr\u00e4sident Wolodymyr Selenskyj feiert die \u201eabsolut brillanten\u201c Ergebnisse des Angriffes auf vier Milit\u00e4rst\u00fctzpunkte tief im russischen&hellip;\n","protected":false},"author":2,"featured_media":157943,"comment_status":"","ping_status":"","sticky":false,"template":"","format":"standard","meta":{"footnotes":""},"categories":[4012],"tags":[331,332,13,14,15,307,12,317,312,306,107],"class_list":{"0":"post-157942","1":"post","2":"type-post","3":"status-publish","4":"format-standard","5":"has-post-thumbnail","7":"category-ukraine","8":"tag-aktuelle-nachrichten","9":"tag-aktuelle-news","10":"tag-headlines","11":"tag-nachrichten","12":"tag-news","13":"tag-russland","14":"tag-schlagzeilen","15":"tag-ukraine","16":"tag-ukrainekrieg","17":"tag-wladimir-putin","18":"tag-wolodymyr-selenskyj"},"share_on_mastodon":{"url":"https:\/\/pubeurope.com\/@de\/114610884102480002","error":""},"_links":{"self":[{"href":"https:\/\/www.europesays.com\/de\/wp-json\/wp\/v2\/posts\/157942","targetHints":{"allow":["GET"]}}],"collection":[{"href":"https:\/\/www.europesays.com\/de\/wp-json\/wp\/v2\/posts"}],"about":[{"href":"https:\/\/www.europesays.com\/de\/wp-json\/wp\/v2\/types\/post"}],"author":[{"embeddable":true,"href":"https:\/\/www.europesays.com\/de\/wp-json\/wp\/v2\/users\/2"}],"replies":[{"embeddable":true,"href":"https:\/\/www.europesays.com\/de\/wp-json\/wp\/v2\/comments?post=157942"}],"version-history":[{"count":0,"href":"https:\/\/www.europesays.com\/de\/wp-json\/wp\/v2\/posts\/157942\/revisions"}],"wp:featuredmedia":[{"embeddable":true,"href":"https:\/\/www.europesays.com\/de\/wp-json\/wp\/v2\/media\/157943"}],"wp:attachment":[{"href":"https:\/\/www.europesays.com\/de\/wp-json\/wp\/v2\/media?parent=157942"}],"wp:term":[{"taxonomy":"category","embeddable":true,"href":"https:\/\/www.europesays.com\/de\/wp-json\/wp\/v2\/categories?post=157942"},{"taxonomy":"post_tag","embeddable":true,"href":"https:\/\/www.europesays.com\/de\/wp-json\/wp\/v2\/tags?post=157942"}],"curies":[{"name":"wp","href":"https:\/\/api.w.org\/{rel}","templated":true}]}}