{"id":157974,"date":"2025-06-02T00:37:12","date_gmt":"2025-06-02T00:37:12","guid":{"rendered":"https:\/\/www.europesays.com\/de\/157974\/"},"modified":"2025-06-02T00:37:12","modified_gmt":"2025-06-02T00:37:12","slug":"niedersachsen-bremen-drei-verletzte-bei-einem-unfall-in-bassum","status":"publish","type":"post","link":"https:\/\/www.europesays.com\/de\/157974\/","title":{"rendered":"Niedersachsen &#038; Bremen: Drei Verletzte bei einem Unfall in Bassum"},"content":{"rendered":"<p>                    Niedersachsen &amp; Bremen<br \/>\n                Drei Verletzte bei einem Unfall in Bassum<\/p>\n<p>\t\t\t\t              01.06.2025, 18:45 Uhr<\/p>\n<p><strong>Ein 26-j\u00e4hriger Autofahrer \u00fcbersieht beim Wenden ein von hinten kommendes Fahrzeug. Es kommt zu einem Zusammensto\u00df.<\/strong><\/p>\n<p>Bassum (dpa\/lni) &#8211; Zwei M\u00e4nner und eine Frau sind bei einem Unfall in Bassum (Landkreis Diepholz) verletzt worden. Wie ein Sprecher der Polizei mitteilte, erlitt ein 26-J\u00e4hriger dabei schwere Verletzungen, ein 24-J\u00e4hriger und eine 22-J\u00e4hrige wurden leicht verletzt. Die beiden M\u00e4nner mussten vor Ort not\u00e4rztlich versorgt werden und kamen in umliegende Krankenh\u00e4user.\u00a0<\/p>\n<p>Ein 26-J\u00e4hriger habe am Samstagmittag versucht, mit seinem Auto zu wenden. Als er wieder auf die Stra\u00dfe einscheren wollte, \u00fcbersah er den Angaben zufolge das von hinten kommende Fahrzeug eines 24 Jahre alten Fahrers. Daraufhin kam es zur Kollision. Die Autos hatten einen Totalschaden und mussten abgeschleppt werden. Die Polizei sch\u00e4tzt den Schaden auf knapp 22.000 Euro.<\/p>\n","protected":false},"excerpt":{"rendered":"Niedersachsen &amp; Bremen Drei Verletzte bei einem Unfall in Bassum 01.06.2025, 18:45 Uhr Ein 26-j\u00e4hriger Autofahrer \u00fcbersieht beim&hellip;\n","protected":false},"author":2,"featured_media":157975,"comment_status":"","ping_status":"","sticky":false,"template":"","format":"standard","meta":{"footnotes":""},"categories":[1824],"tags":[37523,2420,3364,29,8699,30,1411,1284,3258],"class_list":{"0":"post-157974","1":"post","2":"type-post","3":"status-publish","4":"format-standard","5":"has-post-thumbnail","7":"category-bremen","8":"tag-bassum","9":"tag-bremen","10":"tag-de","11":"tag-deutschland","12":"tag-drei","13":"tag-germany","14":"tag-niedersachsen","15":"tag-unfall","16":"tag-verletzte"},"share_on_mastodon":{"url":"https:\/\/pubeurope.com\/@de\/114610978463724170","error":""},"_links":{"self":[{"href":"https:\/\/www.europesays.com\/de\/wp-json\/wp\/v2\/posts\/157974","targetHints":{"allow":["GET"]}}],"collection":[{"href":"https:\/\/www.europesays.com\/de\/wp-json\/wp\/v2\/posts"}],"about":[{"href":"https:\/\/www.europesays.com\/de\/wp-json\/wp\/v2\/types\/post"}],"author":[{"embeddable":true,"href":"https:\/\/www.europesays.com\/de\/wp-json\/wp\/v2\/users\/2"}],"replies":[{"embeddable":true,"href":"https:\/\/www.europesays.com\/de\/wp-json\/wp\/v2\/comments?post=157974"}],"version-history":[{"count":0,"href":"https:\/\/www.europesays.com\/de\/wp-json\/wp\/v2\/posts\/157974\/revisions"}],"wp:featuredmedia":[{"embeddable":true,"href":"https:\/\/www.europesays.com\/de\/wp-json\/wp\/v2\/media\/157975"}],"wp:attachment":[{"href":"https:\/\/www.europesays.com\/de\/wp-json\/wp\/v2\/media?parent=157974"}],"wp:term":[{"taxonomy":"category","embeddable":true,"href":"https:\/\/www.europesays.com\/de\/wp-json\/wp\/v2\/categories?post=157974"},{"taxonomy":"post_tag","embeddable":true,"href":"https:\/\/www.europesays.com\/de\/wp-json\/wp\/v2\/tags?post=157974"}],"curies":[{"name":"wp","href":"https:\/\/api.w.org\/{rel}","templated":true}]}}