{"id":158005,"date":"2025-06-02T00:55:39","date_gmt":"2025-06-02T00:55:39","guid":{"rendered":"https:\/\/www.europesays.com\/de\/158005\/"},"modified":"2025-06-02T00:55:39","modified_gmt":"2025-06-02T00:55:39","slug":"reiten-spring-derby-in-hamburg-andre-thieme-siegt-im-schongang-sport","status":"publish","type":"post","link":"https:\/\/www.europesays.com\/de\/158005\/","title":{"rendered":"Reiten: Spring-Derby in Hamburg: Andr\u00e9 Thieme siegt im Schongang | Sport"},"content":{"rendered":"<p><b>Das Spring-Derby in Klein Flottbek wird seit 1920 geritten. Aber solch ein Finale wie bei der 94. Auflage gab es noch nie!<\/b><\/p>\n<p>Andr\u00e9 Thieme (50\/Plau am See) holte sich mit Paule (11) sein viertes blaues Band nach 2007, 2008 und 2011. \u201ePaule macht\u2019s m\u00f6glich\u201c, strahlte Thieme stolz. \u201eIch sitze nur drauf und sage bleib ruhig, Junge. Er hat das alles von allein gesprungen.\u201c<\/p>\n<p>Lesen Sie auch<\/p>\n<p><b>Verr\u00fcckt: Im Stechen musste das Paar daf\u00fcr nur im Schongang heil ins Ziel kommen!<\/b><\/p>\n<p>Denn der einzige Konkurrent Esteban Benitez Valle (33\/Spanien) war vor ihm mit dem geliehenen Wallach \u2019C the Stars\u2019 (11) vor 24.000 Fans falsch abgebogen. Wendemarke verpasst! Daf\u00fcr wurde der Vielseitigkeitsreiter, der in der N\u00e4he von Bad Segeberg stationiert ist, von der Jury disqualifiziert. \u201eMir hatte vorher keiner gesagt, dass ich auch Stechen da rum musste. Es ging alles so schnell, ich hatte nicht so viel Zeit.\u201c<\/p>\n<p>Auch interessant<\/p>\n<p>Anzeige<\/p>\n<p>Auch interessant<\/p>\n<p>Anzeige<\/p>\n<p><b>Und auch Thieme musste zugegeben: \u201eEs ist wirklich doof gelaufen f\u00fcr ihn. Das tut mir wirklich leid \u2013 im Nachhinein\u00a0\u2026\u201c<\/b><\/p>\n<p>Dennoch hatte Thieme vor seinem eigenen Ritt Bammel, dass alles gut geht: \u201eMir ging so viel durch den Kopf. Ich dachte, wenn Paule jetzt im Stechen Schiss kriegt und auf einmal stehenbleibt. Was ist das dann f\u00fcr eine Nummer? Aber klar, der Druck war weg.\u201c<\/p>\n<p>Publikumsliebling Valle und Thieme hatten zuvor auf dem schwersten Parcours der Welt (1230 Meter, 17 Hindernisse) unter den 30 Startern die fehlerfreien Ritte Nr. 164 und 165 hingelegt.<\/p>\n<p><b>Thieme war am letzten Wochenende extra aus Mecklenburg nach Hamburg gekommen und hatte ganz allein und in Ruhe auf dem Hof des zweimaligen Derby-Siegers Carsten-Otto Nagel (62) trainiert. <\/b><\/p>\n<p>\u25ba Dressur-Olympiasiegerin <b>Ann Kathrin Linsenhoff<\/b> (64) lief die ganze Woche mit einem verbundenen Finger \u00fcber die Anlage. Anfang Mai hatte der Stiefmutter von Derby-Macher <b>Matthias Alexander Rath<\/b> (40) einer ihrer Ara-Papageien das oberste Fingerglied abgebissen! Mit einer Not-OP konnte der Finger wiederhergestellt werden.<\/p>\n<p>\u25ba Titelverteidiger <b>Marvin J\u00fcngel<\/b> hatte zwei Abw\u00fcrfe und verpasste an seinem 24.\u00a0Geburtstag mit Balou\u2019s Erbin (16) seinen dritten Sieg in Serie. Als Trostpreis zeichneten ihn die Zuschauer mit dem Stil-Preis (10.000 Euro) aus.<\/p>\n<p>\u25ba Bei der Veranstalter-Premiere vom Raths Agentur \u201eSchafhof Connects\u201c kamen an f\u00fcnf Tagen 95.000 Fans auf die Anlage.<\/p>\n<p>\u25ba Das <b>95. Spring- und Dressur-Derby<\/b> steigt vom 12. bis 17. Mai 2026.<\/p>\n<p>F\u00fcr den Derby-Start in verzichtete er beim Meeting sogar auf die F\u00fcnf-Sterne-Tour \u2013 zum \u00c4rger von Bundestrainer Otto Becker! \u201eDas war mir hier tats\u00e4chlich wichtiger\u201c, grinst Thieme. \u201ePaule bricht sich keinen Zacken aus der Krone, wenn er einmal im Jahr dieses Derby geht.\u201c<\/p>\n<p><img decoding=\"async\" width=\"992\" height=\"660\" alt=\"Zur Siegerehrung mit B\u00fcrgermeister Peter Tschentscher wollte Paule nicht stillstehen\" src=\"https:\/\/www.europesays.com\/de\/wp-content\/uploads\/2025\/06\/3a1d1948cfca5691dbab882d3517dbea,c9a05630\"   class=\"dynamic\" loading=\"lazy\"\/><\/p>\n<p class=\"fig__caption__text\">Zur Siegerehrung mit B\u00fcrgermeister Dr.\u00a0Peter Tschentscher (59\/r.) wollte Paule nicht stillstehen<\/p>\n<p>Foto: WITTERS<\/p>\n<p><b>Nur stillstehen mochte der Wallach bei der Siegerehrung nicht. Hamburgs Erster B\u00fcrgermeister Dr.\u00a0Peter Tschentscher (59) traute sich bei der Siegerehrung nicht in die N\u00e4he des nerv\u00f6sen Pferds. Thieme: \u201eEr ist so ein nerviger, bl\u00fctiger Kerl. Wenn das Adrenalin erst mal drin ist, kriegt man es nicht wieder raus.\u201c<\/b><\/p>\n<p>Der Siegreiter selbst war ganz cool, verschenkte seine goldene Siegerschleife und den Blumenstrau\u00df an zwei kleine M\u00e4dchen im Publikum. Und lachte: \u201eDie sahen wirklich sehr, sehr, sehr gl\u00fccklich aus. Und ich habe ja schon ein paar davon.\u201c<\/p>\n<p>Krach kracht zum Dressur-Sieg<\/p>\n<p><b>Nach elf Jahren Pause ging der Sieg im 65. Dressur-Derby wieder nach Hamburg!<\/b><\/p>\n<p><b>Im Grand Prix mit Pferdewechsel siegte Anna-Lena Kracht (34\/Hamburg-Bergstedt) vor Felix Kneese (44\/Appen) und Albert Sprehes Tochter Kristin Biermann (28\/Osnabr\u00fcck).<\/b><\/p>\n<p>Bemerkenswert: Kracht zeigte mit ihrem Florino trotz Donner-Krach am Himmel nicht nur den besten Ritt, sondern erzielte mit Biermanns Pferd Queensland sogar eine bessere Punktzahl (69,6\u00a0%) als die angestammte Reiterin (68,533\u00a0%)!<\/p>\n<p><b>\u201eDas ist schon ein sehr besonderes Erlebnis\u201c, strahlte Kracht, die im Betrieb ihrer Eltern als Ausbilderin arbeitet. \u201eIn diesem Jahr am gro\u00dfen Derby teilzunehmen und direkt ins Finale zu kommen, war f\u00fcr mich schon ein ganz gro\u00dfer Erfolg. Und nun auch noch als gl\u00fccklich Siegerin da rauszugehen, ist f\u00fcr mich unbeschreiblich.\u201c<\/b><\/p>\n<p>Nicht blind genug? : Goldheldin wird vom Para-Sport verbannt<a href=\"https:\/\/www.bild.de\/news\/ausland\/nicht-blind-genug-gold-heldin-wird-vom-para-sport-verbannt-6832e9756f5de97abdf9f490\" class=\"anchor\" target=\"_blank\" rel=\"noopener\"><img decoding=\"async\" width=\"992\" height=\"558\" alt=\"Teaser-Bild\" src=\"https:\/\/www.europesays.com\/de\/wp-content\/uploads\/2025\/05\/f25a0d4a2c92123e2b310a701a6346d0,5a237930\"   class=\"landscape teaser__image\" loading=\"lazy\"\/><\/a><\/p>\n<p>Quelle: IG@hajiyeva_sahana25.05.2025<\/p>\n<p><b>Der ehemalige Totilas-Reiter Matthias Alexander Rath (40) hatte bei seiner Derby-Premiere als Veranstalter vor allem die Dressur aufgewertet. Sein Fazit: \u201eIch bin fest davon \u00fcberzeugt, dass in den kommenden Jahren, wenn die Reiter auf nationaler und internationaler Ebene h\u00f6ren, dass die Bodenverh\u00e4ltnisse hier top sind und ein begeisterungsf\u00e4higes Publikum da ist, Hamburg zum \u2018Muss\u2019 wird.\u201c<\/b><\/p>\n","protected":false},"excerpt":{"rendered":"Das Spring-Derby in Klein Flottbek wird seit 1920 geritten. Aber solch ein Finale wie bei der 94. Auflage&hellip;\n","protected":false},"author":2,"featured_media":158006,"comment_status":"","ping_status":"","sticky":false,"template":"","format":"standard","meta":{"footnotes":""},"categories":[1826],"tags":[53945,29,20509,30,692,55383,41151,11254,542,53944,45,55382],"class_list":{"0":"post-158005","1":"post","2":"type-post","3":"status-publish","4":"format-standard","5":"has-post-thumbnail","7":"category-hamburg","8":"tag-deutsches-spring-und-dressur-derby","9":"tag-deutschland","10":"tag-dressurreiten","11":"tag-germany","12":"tag-hamburg","13":"tag-rath-mathias-alexander","14":"tag-reiten","15":"tag-schmitt-ralf","16":"tag-sport-leuchtturm-hamburg","17":"tag-springreiten","18":"tag-texttospeech","19":"tag-thieme-andre"},"share_on_mastodon":{"url":"https:\/\/pubeurope.com\/@de\/114611049412133227","error":""},"_links":{"self":[{"href":"https:\/\/www.europesays.com\/de\/wp-json\/wp\/v2\/posts\/158005","targetHints":{"allow":["GET"]}}],"collection":[{"href":"https:\/\/www.europesays.com\/de\/wp-json\/wp\/v2\/posts"}],"about":[{"href":"https:\/\/www.europesays.com\/de\/wp-json\/wp\/v2\/types\/post"}],"author":[{"embeddable":true,"href":"https:\/\/www.europesays.com\/de\/wp-json\/wp\/v2\/users\/2"}],"replies":[{"embeddable":true,"href":"https:\/\/www.europesays.com\/de\/wp-json\/wp\/v2\/comments?post=158005"}],"version-history":[{"count":0,"href":"https:\/\/www.europesays.com\/de\/wp-json\/wp\/v2\/posts\/158005\/revisions"}],"wp:featuredmedia":[{"embeddable":true,"href":"https:\/\/www.europesays.com\/de\/wp-json\/wp\/v2\/media\/158006"}],"wp:attachment":[{"href":"https:\/\/www.europesays.com\/de\/wp-json\/wp\/v2\/media?parent=158005"}],"wp:term":[{"taxonomy":"category","embeddable":true,"href":"https:\/\/www.europesays.com\/de\/wp-json\/wp\/v2\/categories?post=158005"},{"taxonomy":"post_tag","embeddable":true,"href":"https:\/\/www.europesays.com\/de\/wp-json\/wp\/v2\/tags?post=158005"}],"curies":[{"name":"wp","href":"https:\/\/api.w.org\/{rel}","templated":true}]}}