{"id":158007,"date":"2025-06-02T00:56:12","date_gmt":"2025-06-02T00:56:12","guid":{"rendered":"https:\/\/www.europesays.com\/de\/158007\/"},"modified":"2025-06-02T00:56:12","modified_gmt":"2025-06-02T00:56:12","slug":"brandenburg-besucherplus-60-000-menschen-essen-in-beelitz-spargel-und-feiern","status":"publish","type":"post","link":"https:\/\/www.europesays.com\/de\/158007\/","title":{"rendered":"Brandenburg: Besucherplus: 60.000 Menschen essen in Beelitz Spargel &#8211; und feiern"},"content":{"rendered":"<p class=\"metatextline\">Stand: 01.06.2025 17:36 Uhr<\/p>\n<p class=\"textabsatz m-ten m-offset-one l-eight l-offset-two columns twelve\">\nTausende Menschen haben am Wochenende den Spargel in der Brandenburger Spargelhochburg Beelitz (Potsdam-Mittelmark) gefeiert. Bei teils strahlendem Sonnenschein fanden sich an den drei Tagen etwa 60.000 Menschen ein, wie ein Sprecher der Stadt mitteilte. Das Highlight soll demnach der gro\u00dfe Festumzug am Sonntag gewesen.<\/p>\n<p>            <img loading=\"lazy\" decoding=\"async\" class=\"ts-image\" src=\"https:\/\/www.europesays.com\/de\/wp-content\/uploads\/2025\/06\/rbb-456331558-100.jpg\" alt=\"Archivbild: Beelitz, die Spargelstadt Beelitz, der Verein Beelitzer Spargel e.V. und der Spargelhof Klaistow haben die Beelitzer Spargelsaison auf dem Spargel- und Erlebnishof Klaistow eroeffnet. (Quelle: dpa\/Vorwerk)\" title=\"Audio: Antenne Brandenburg | 08.05.2025 | Johann Frederik Paul | dpa\/Vorwerk\"\/><\/p>\n<p>Spargel w\u00e4chst trotz K\u00e4lte und Trockenheit<\/p>\n<p>            Viele Landwirte rechnen damit, dass die Ernte von Obst, Gem\u00fcse und Getreide aufgrund der Trockenheit schlechter ausf\u00e4llt als im Vorjahr. Die Spargelernte ist bereits im vollen Gange, der fehlende Regen spielt aber keine Rolle.<a href=\"https:\/\/www.rbb24.de\/wirtschaft\/beitrag\/2025\/05\/brandenburg-potsdam-mittelmark-beelitz-spargel-anbau-trockenheit-kaelte.html\" title=\"mehr\" class=\"textlink--extern\" target=\"_blank\" rel=\"noopener nofollow\">mehr<\/a><\/p>\n<p>    60 Vereine und Organisationen: Umzug durch die Stadt<\/p>\n<p class=\"textabsatz--contains-image  m-six l-five textabsatz columns twelve\">\nAn dem Umzug aus Anlass des Festes waren etwa 50 Vereine und Organisationen aus Beelitz beteiligt. Dazu geh\u00f6rten Schulen, Kinderg\u00e4rten, Unternehmen, Sportvereine und die Spargelh\u00f6fe. Auf der B\u00fchne traten unter anderem die Weather Girls und Thomas Anders auf. Laut dem Sprecher herrschte sehr ausgelassene Stimmung auf dem Fest.<\/p>\n<p class=\"absatzbild__info__text\">\n                        Spargelfrauen tragen ein Banner w\u00e4hrend des traditionellen Festumzuges w\u00e4hrend des Beelitzer Spargelfestes.\n                    <\/p>\n<p class=\"textabsatz m-ten m-offset-one l-eight l-offset-two columns twelve\">\nDie Veranstaltung war unter erh\u00f6hten Sicherheitsauflagen am Freitag gestartet und lief bis zum Sonntag. Die Spargelstadt s\u00fcdwestlich von Potsdam k\u00fcndigte in diesem Jahr verst\u00e4rkte Taschenkontrollen an den Eing\u00e4ngen an. Glasflaschen, Hieb- und Stichwaffen sowie Drogen seien verboten, hie\u00df es. Im vergangenen Jahr z\u00e4hlten die Veranstalter etwa 50.000 Besucher.<br \/>\u00a0<br \/>Sendung: Antenne Brandenburg, 01.06.2025, 17 Uhr<\/p>\n<p>                                        <a class=\"backlink__link\" href=\"https:\/\/www.rbb24.de\/wirtschaft\/beitrag\/2025\/06\/60000-besucher-beelitz-spargelfest-potsdam-mittelmark-brandenburg.html\" rel=\"nofollow noopener\" target=\"_blank\"><\/p>\n<p>                                                <img decoding=\"async\" src=\"https:\/\/www.europesays.com\/de\/wp-content\/uploads\/2025\/04\/1745108282_195_lra-rbb-logo-100.svg.svg+xml\" alt=\"Rundfunk Berlin-Brandenburg\"\/><\/p>\n<p>                                        <\/a><\/p>\n","protected":false},"excerpt":{"rendered":"Stand: 01.06.2025 17:36 Uhr Tausende Menschen haben am Wochenende den Spargel in der Brandenburger Spargelhochburg Beelitz (Potsdam-Mittelmark) gefeiert.&hellip;\n","protected":false},"author":2,"featured_media":158008,"comment_status":"","ping_status":"","sticky":false,"template":"","format":"standard","meta":{"footnotes":""},"categories":[1816],"tags":[1960,1958,1959,1957,1956,1890,29,30,2239],"class_list":{"0":"post-158007","1":"post","2":"type-post","3":"status-publish","4":"format-standard","5":"has-post-thumbnail","7":"category-brandenburg","8":"tag-aktuelle-nachrichten-aus-berlin-und-brandenburg","9":"tag-aktuelle-nachrichten-aus-brandenburg","10":"tag-aktuelle-news-aus-berlin-und-brandenburg","11":"tag-aktuelle-news-aus-brandenburg","12":"tag-berlin-und-brandenburg","13":"tag-brandenburg","14":"tag-deutschland","15":"tag-germany","16":"tag-rbb"},"share_on_mastodon":{"url":"https:\/\/pubeurope.com\/@de\/114611053158181129","error":""},"_links":{"self":[{"href":"https:\/\/www.europesays.com\/de\/wp-json\/wp\/v2\/posts\/158007","targetHints":{"allow":["GET"]}}],"collection":[{"href":"https:\/\/www.europesays.com\/de\/wp-json\/wp\/v2\/posts"}],"about":[{"href":"https:\/\/www.europesays.com\/de\/wp-json\/wp\/v2\/types\/post"}],"author":[{"embeddable":true,"href":"https:\/\/www.europesays.com\/de\/wp-json\/wp\/v2\/users\/2"}],"replies":[{"embeddable":true,"href":"https:\/\/www.europesays.com\/de\/wp-json\/wp\/v2\/comments?post=158007"}],"version-history":[{"count":0,"href":"https:\/\/www.europesays.com\/de\/wp-json\/wp\/v2\/posts\/158007\/revisions"}],"wp:featuredmedia":[{"embeddable":true,"href":"https:\/\/www.europesays.com\/de\/wp-json\/wp\/v2\/media\/158008"}],"wp:attachment":[{"href":"https:\/\/www.europesays.com\/de\/wp-json\/wp\/v2\/media?parent=158007"}],"wp:term":[{"taxonomy":"category","embeddable":true,"href":"https:\/\/www.europesays.com\/de\/wp-json\/wp\/v2\/categories?post=158007"},{"taxonomy":"post_tag","embeddable":true,"href":"https:\/\/www.europesays.com\/de\/wp-json\/wp\/v2\/tags?post=158007"}],"curies":[{"name":"wp","href":"https:\/\/api.w.org\/{rel}","templated":true}]}}