{"id":158026,"date":"2025-06-02T01:06:17","date_gmt":"2025-06-02T01:06:17","guid":{"rendered":"https:\/\/www.europesays.com\/de\/158026\/"},"modified":"2025-06-02T01:06:17","modified_gmt":"2025-06-02T01:06:17","slug":"saar-band-als-einer-der-main-acts-bei-rock-am-ring-2025-2","status":"publish","type":"post","link":"https:\/\/www.europesays.com\/de\/158026\/","title":{"rendered":"Saar-Band als einer der Main-Acts bei Rock am Ring 2025"},"content":{"rendered":"<p>                Saar-Band im Line-up von Rock am Ring 2025 <\/p>\n<p data-p-count=\"1\">Anfang Juni herrscht am N\u00fcrburgring in der Eifel wieder Ausnahmezustand, wenn \u00fcber 90.000 Menschen die Rennstrecke in ein imposantes Spektakel verwandeln. Das legend\u00e4re Festival <strong>\u201cRock am Ring\u201d<\/strong> bietet seinen Besucher:innen vom <strong>6. bis zum 8. Juni 2025<\/strong> eine Vielzahl an hochkar\u00e4tigen Bands. Unter den <strong>Main-Acts<\/strong> im Line-up befindet sich in diesem Jahr auch eine <strong>Band aus dem Saarland<\/strong>. So steht die Saarbr\u00fccker Power-Metal-Band <strong>Powerwolf<\/strong> Sonntagabends (8. Juni 2025) auf der B\u00fchne und l\u00e4dt das Publikum zu ihrer beeindruckenden Live-Performance ein.<\/p>\n<p> Wann Powerwolf bei Rock am Ring (und Rock im Park) auftritt <\/p>\n<p data-p-count=\"2\">Zu sehen und vor allem zu h\u00f6ren sind <strong>Powerwolf<\/strong> bei Rock am Ring am Sonntagabend. Die Saarbr\u00fccker spielen im Zeitraum <strong>von 22.45 Uhr bis 00.00 Uhr<\/strong> auf der sogenannten <strong>\u201cMandora Stage\u201d<\/strong>. Einen Tag vorher spielt die Metal-Band auf der Parallelveranstaltung <strong>\u201cRock im Park\u201d<\/strong>, die das identische Line-up zu Rock am Ring aufweist. Das entsprechende Live-Konzert von Powerwolf findet dort am Samstagabend zwischen 21.15 und 22.30 Uhr statt.<\/p>\n<p> Warst du schon einmal bei Rock am Ring?<\/p>\n<ul class=\"poll_results\">\n<li data-result=\"57\">Ja57%<\/li>\n<li data-result=\"42\">Nein42%<\/li>\n<li data-result=\"2\">wei\u00df nicht2%<\/li>\n<\/ul>\n<p>389 mal wurde bisher abgestimmt.<\/p>\n<p class=\"poll_please_wait\">Bitte warte einen Moment<\/p>\n<p><img decoding=\"async\" src=\"https:\/\/www.europesays.com\/de\/wp-content\/uploads\/2025\/03\/loader.gif\" alt=\"\"\/><\/p>\n<p class=\"poll_fetching_results\">Wir werten das Ergebnis aus<\/p>\n<p> Weitere Headliner bei Rock am Ring 2025 <\/p>\n<p data-p-count=\"3\">Zu den weiteren <strong>Main Acts bei Rock am Ring<\/strong> z\u00e4hlen in diesem Jahr unter anderem Bring me the Horizon, Slipknot, K.I.Z., The Prodigy, Rise Against, Kontra K, Korn und die Beatsteaks. Das <strong>komplette Line-up des Festivals<\/strong> findet ihr unter: <a href=\"https:\/\/www.sol.de\/deutschland-und-welt\/rock-am-ring-2025-das-komplette-line-up-in-der-uebersicht,603590.html\" target=\"_blank\" rel=\"noopener\">\u201cRock am Ring 2025: Das komplette Line-up im \u00dcberblick\u201d<\/a>.<\/p>\n<p> Powerwolf geben im Sommer ein Heimspiel in Saarbr\u00fccken <\/p>\n<p data-p-count=\"4\"><strong>Powerwolf<\/strong> ist in den kommenden Monaten<strong> in vielen verschiedenen L\u00e4ndern unterwegs<\/strong>. Die aktuellen Tourdaten findet ihr auf der <a href=\"https:\/\/www.powerwolf.net\/live\" target=\"_blank\" rel=\"noopener noreferrer nofollow\">Website der Band<\/a>. Die Powerwolf-Fangemeinde im Saarland darf sich ebenfalls auf ein Konzert der erfolgreichen Metal-Band freuen. So treten die Saarbr\u00fccker im Juli in ihrer<strong> Heimatstadt<\/strong> bei den <strong>\u201cSB Open Airs 2025\u201d<\/strong> auf. Weitergehende Informationen zu dem Auftritt am<strong> 11. Juli 2025<\/strong> auf dem Open-Air-Gel\u00e4nde am E-Werk erhaltet ihr auf der <a href=\"https:\/\/garage-sb.de\/veranstaltungen\/powerwolf-sb-open-airs-2025\/\" target=\"_blank\" rel=\"noopener noreferrer nofollow\">\u201cWebsite der Garage Saarbr\u00fccken\u201d<\/a>.<\/p>\n<p data-p-count=\"5\"><strong>Verwendete Quellen:<\/strong><br \/>\u2013 eigene Recherche<\/p>\n<p> <img decoding=\"async\" class=\"wp-worthy-pixel-img skip-lazy \" src=\"https:\/\/www.europesays.com\/de\/wp-content\/uploads\/2025\/05\/4f2455c4d7bf444eb5c2f38f7ad2e621.gif\" loading=\"eager\" data-no-lazy=\"1\" data-skip-lazy=\"1\" height=\"1\" width=\"1\" alt=\"\"\/>            <\/p>\n","protected":false},"excerpt":{"rendered":"Saar-Band im Line-up von Rock am Ring 2025 Anfang Juni herrscht am N\u00fcrburgring in der Eifel wieder Ausnahmezustand,&hellip;\n","protected":false},"author":2,"featured_media":155263,"comment_status":"","ping_status":"","sticky":false,"template":"","format":"standard","meta":{"footnotes":""},"categories":[1772],"tags":[29,214,3448,30,1779,810,215,3866],"class_list":{"0":"post-158026","1":"post","2":"type-post","3":"status-publish","4":"format-standard","5":"has-post-thumbnail","7":"category-musik","8":"tag-deutschland","9":"tag-entertainment","10":"tag-festivals","11":"tag-germany","12":"tag-music","13":"tag-musik","14":"tag-unterhaltung","15":"tag-veranstaltungen"},"share_on_mastodon":{"url":"https:\/\/pubeurope.com\/@de\/114611093181530787","error":""},"_links":{"self":[{"href":"https:\/\/www.europesays.com\/de\/wp-json\/wp\/v2\/posts\/158026","targetHints":{"allow":["GET"]}}],"collection":[{"href":"https:\/\/www.europesays.com\/de\/wp-json\/wp\/v2\/posts"}],"about":[{"href":"https:\/\/www.europesays.com\/de\/wp-json\/wp\/v2\/types\/post"}],"author":[{"embeddable":true,"href":"https:\/\/www.europesays.com\/de\/wp-json\/wp\/v2\/users\/2"}],"replies":[{"embeddable":true,"href":"https:\/\/www.europesays.com\/de\/wp-json\/wp\/v2\/comments?post=158026"}],"version-history":[{"count":0,"href":"https:\/\/www.europesays.com\/de\/wp-json\/wp\/v2\/posts\/158026\/revisions"}],"wp:featuredmedia":[{"embeddable":true,"href":"https:\/\/www.europesays.com\/de\/wp-json\/wp\/v2\/media\/155263"}],"wp:attachment":[{"href":"https:\/\/www.europesays.com\/de\/wp-json\/wp\/v2\/media?parent=158026"}],"wp:term":[{"taxonomy":"category","embeddable":true,"href":"https:\/\/www.europesays.com\/de\/wp-json\/wp\/v2\/categories?post=158026"},{"taxonomy":"post_tag","embeddable":true,"href":"https:\/\/www.europesays.com\/de\/wp-json\/wp\/v2\/tags?post=158026"}],"curies":[{"name":"wp","href":"https:\/\/api.w.org\/{rel}","templated":true}]}}