{"id":158031,"date":"2025-06-02T01:10:12","date_gmt":"2025-06-02T01:10:12","guid":{"rendered":"https:\/\/www.europesays.com\/de\/158031\/"},"modified":"2025-06-02T01:10:12","modified_gmt":"2025-06-02T01:10:12","slug":"ihr-ehemann-ist-eifersuechtig-auf-den-ex","status":"publish","type":"post","link":"https:\/\/www.europesays.com\/de\/158031\/","title":{"rendered":"Ihr Ehemann ist eifers\u00fcchtig auf den Ex"},"content":{"rendered":"<p>Comeback  nach 17 Jahren <\/p>\n<p>Ehemann von Cornelia Poletto ist eifers\u00fcchtig auf den Ex<\/p>\n<p>01.06.2025 &#8211; 20:46 UhrLesedauer: 2 Min.<\/p>\n<p><a href=\"#focus-0\" class=\"transition-colors duration-200 focus-within:text-magenta block text-current relative\" data-sctrack=\"FocusGalleryImage.Reference\"><img fetchpriority=\"high\" data-testid=\"Opener.Image\" style=\"--lqipURL:url('https:\/\/images.t-online.de\/2025\/05\/fuhVcieCGW5d\/357x108:3483x1959\/fit-in\/150x0\/filters:blur(25)\/heute-ist-cornelia-poletto-mit-dem-ex-bahnchef-ruediger-grube-verheiratet.jpg')\"   loading=\"eager\" src=\"https:\/\/www.europesays.com\/de\/wp-content\/uploads\/2025\/06\/heute-ist-cornelia-poletto-mit-dem-ex-bahnchef-ruediger-grube-verheiratet.jpg\" alt=\"Heute ist Cornelia Poletto mit dem Ex-Bahnchef R\u00fcdiger Grube verheiratet.\" title=\"Heute ist Cornelia Poletto mit dem Ex-Bahnchef R\u00fcdiger Grube verheiratet.\" width=\"3483\" height=\"1959\" class=\"bg-[url:var(--lqipURL)] bg-cover bg-center flex w-full max-w-full h-full\" decoding=\"async\"\/><img style=\"--width:32;--height:32\" loading=\"lazy\" src=\"https:\/\/www.europesays.com\/de\/wp-content\/uploads\/2025\/05\/zoom-in.f7dae02f.svg.svg+xml\" alt=\"Vergr\u00f6\u00dfern des Bildes\" title=\"Vergr\u00f6\u00dfern des Bildes\" class=\"&#10;        block&#10;        h-[calc(var(--height)_\/_16_*_1rem)]&#10;        w-[calc(var(--width)_\/_16_*_1rem)]&#10;        max-w-none&#10;        absolute bottom-8 right-8 rounded-4 bg-snow p-8\" decoding=\"async\"\/><\/a><\/p>\n<p>Cornelia Poletto und R\u00fcdiger Grube: Sie sind seit zehn Jahren verheiratet. (Quelle: Eventpress  rh via www.imago-images.de)<\/p>\n<p class=\"font-bold text-18 leading-17\">Nach 17 Jahren fanden Cornelia Poletto und Remigio Coletto wieder zusammen. Das sorgte nicht nur f\u00fcr Schlagzeilen, sondern auch f\u00fcr etwas Eifersucht.<\/p>\n<p class=\"text-18 leading-17\">Zehn Jahre lang war Cornelia Poletto mit Remigio Poletto liiert. Gefunkt hatte es in den Neunzigerjahren. Sie verliebten sich, heirateten und bekamen eine gemeinsame Tochter. Auch beruflich waren die beiden miteinander verbunden. Dann folgte 2008 das Liebes-Aus. Die TV-K\u00f6chin und der Sommelier trennten sich, lebten ihr eigenes Leben und gingen neue Beziehungen ein.<\/p>\n<p class=\"text-18 leading-17\">Doch nun, 17 Jahre nach der Trennung, fanden sie wieder zusammen. Ihr Ex-Mann arbeitet seit wenigen Wochen im &#8222;Cornelia Poletto&#8220;. &#8222;Es ist so sch\u00f6n, ihn hier im Restaurant an meiner Seite zu haben&#8220;, sagte die 53-J\u00e4hrige im April dem &#8222;Hamburger Abendblatt&#8220;.<\/p>\n<p class=\"text-18 leading-17\">Die Wiedervereinigung ist jedoch nur beruflich, ein Liebescomeback ist ausgeschlossen. Beide sind in einer neuen Beziehung. Cornelia Poletto heiratete vor zehn Jahren den Ex-Bahn-Chef <a class=\"transition-colors duration-200 cursor-pointer text-inherit no-underline text-salemsfur md:hover:text-magenta md:hover:border-magenta md:focus:text-magenta border-current border-b border-solid break-words\" href=\"https:\/\/www.t-online.de\/themen\/ruediger-grube\/\" data-sctrack=\"BodyAnchor\" rel=\"nofollow noopener\" target=\"_blank\">R\u00fcdiger Grube<\/a>, auch Remigio Poletto ist vergeben. Beide Partner haben sich mit der Situation angefreundet. Eifersucht spielt dennoch eine Rolle. &#8222;Man kann schon sagen, dass sowohl Julia als auch R\u00fcdiger manchmal eifers\u00fcchtig sind&#8220;, erz\u00e4hlt der &#8222;Kitchen Impossible&#8220;-Star der &#8222;Gala&#8220;.<\/p>\n<p class=\"text-18 leading-17\">&#8222;Ich glaube, wir sind schon die Entspannteren&#8220;, so Cornelia Poletto. &#8222;Das ist doch aber auch ganz klar. Gastronomie ist immer abends. Dann sitzt mein Mann schon auf dem Sofa, und auch Julia ist zu Hause, w\u00e4hrend wir vielleicht noch mit einem Stammgast einen Wein trinken. Wenn man dann um Mitternacht nach Hause kommt und sagt: &#8218;Ich habe noch mit Remigio und G\u00e4sten zusammengesessen&#8216; \u2013 dass das vielleicht auch mal eine kleine Spitze ausl\u00f6sen kann, m\u00f6chte ich nicht abstreiten.&#8220; Dennoch sei zwischen den beiden Paaren alles harmonisch.<\/p>\n<p class=\"text-18 leading-17\">Die Idee, mit dem Ex wieder zusammenzuarbeiten, kam von Cornelia Poletto. Den Gedanken hatte sie mit ihrem Mann besprochen, seine Reaktion darauf sei &#8222;durchweg positiv&#8220; gewesen. &#8222;Am Ende haben unsere Partner das Ganze mehr gepusht als wir&#8220;, sagte Remigio Poletto dem Magazin.<\/p>\n","protected":false},"excerpt":{"rendered":"Comeback nach 17 Jahren Ehemann von Cornelia Poletto ist eifers\u00fcchtig auf den Ex 01.06.2025 &#8211; 20:46 UhrLesedauer: 2&hellip;\n","protected":false},"author":2,"featured_media":158032,"comment_status":"","ping_status":"","sticky":false,"template":"","format":"standard","meta":{"footnotes":""},"categories":[155],"tags":[55384,29,214,30,46690,55385,1598,55386,215],"class_list":{"0":"post-158031","1":"post","2":"type-post","3":"status-publish","4":"format-standard","5":"has-post-thumbnail","7":"category-unterhaltung","8":"tag-cornelia-poletto","9":"tag-deutschland","10":"tag-entertainment","11":"tag-germany","12":"tag-hamburger-abendblatt","13":"tag-remigio-poletto","14":"tag-restaurant","15":"tag-ruediger-grube","16":"tag-unterhaltung"},"share_on_mastodon":{"url":"https:\/\/pubeurope.com\/@de\/114611108165801205","error":""},"_links":{"self":[{"href":"https:\/\/www.europesays.com\/de\/wp-json\/wp\/v2\/posts\/158031","targetHints":{"allow":["GET"]}}],"collection":[{"href":"https:\/\/www.europesays.com\/de\/wp-json\/wp\/v2\/posts"}],"about":[{"href":"https:\/\/www.europesays.com\/de\/wp-json\/wp\/v2\/types\/post"}],"author":[{"embeddable":true,"href":"https:\/\/www.europesays.com\/de\/wp-json\/wp\/v2\/users\/2"}],"replies":[{"embeddable":true,"href":"https:\/\/www.europesays.com\/de\/wp-json\/wp\/v2\/comments?post=158031"}],"version-history":[{"count":0,"href":"https:\/\/www.europesays.com\/de\/wp-json\/wp\/v2\/posts\/158031\/revisions"}],"wp:featuredmedia":[{"embeddable":true,"href":"https:\/\/www.europesays.com\/de\/wp-json\/wp\/v2\/media\/158032"}],"wp:attachment":[{"href":"https:\/\/www.europesays.com\/de\/wp-json\/wp\/v2\/media?parent=158031"}],"wp:term":[{"taxonomy":"category","embeddable":true,"href":"https:\/\/www.europesays.com\/de\/wp-json\/wp\/v2\/categories?post=158031"},{"taxonomy":"post_tag","embeddable":true,"href":"https:\/\/www.europesays.com\/de\/wp-json\/wp\/v2\/tags?post=158031"}],"curies":[{"name":"wp","href":"https:\/\/api.w.org\/{rel}","templated":true}]}}