{"id":158054,"date":"2025-06-02T01:24:16","date_gmt":"2025-06-02T01:24:16","guid":{"rendered":"https:\/\/www.europesays.com\/de\/158054\/"},"modified":"2025-06-02T01:24:16","modified_gmt":"2025-06-02T01:24:16","slug":"augsburg-mann-beleidigt-polizei-in-der-maximilianstrasse-regional","status":"publish","type":"post","link":"https:\/\/www.europesays.com\/de\/158054\/","title":{"rendered":"Augsburg: Mann beleidigt Polizei in der Maximilianstra\u00dfe | Regional"},"content":{"rendered":"<p>Augsburg \u2013 <b>Ein 38-J\u00e4hriger hat am 31.05.2025 in der Maximilianstra\u00dfe Polizeibeamte beleidigt.<\/b><\/p>\n<p>Gegen 00:10 Uhr wurde die Polizei zu einer Bar gerufen, nachdem der Mann zun\u00e4chst einen 37-J\u00e4hrigen verbal angegriffen hatte. Auch bei der anschlie\u00dfenden Kontrolle durch die Beamten lie\u00df er nicht locker und beleidigte diese mehrfach.<\/p>\n<p>Die Polizei sprach daraufhin einen Platzverweis aus und ermittelt nun wegen Beleidigung gegen den 38-J\u00e4hrigen.<\/p>\n<p>Dieser Text basiert auf einer offiziellen Beh\u00f6rden-Information und wurde mit Hilfe von KI erstellt.<\/p>\n","protected":false},"excerpt":{"rendered":"Augsburg \u2013 Ein 38-J\u00e4hriger hat am 31.05.2025 in der Maximilianstra\u00dfe Polizeibeamte beleidigt. Gegen 00:10 Uhr wurde die Polizei&hellip;\n","protected":false},"author":2,"featured_media":158055,"comment_status":"","ping_status":"","sticky":false,"template":"","format":"standard","meta":{"footnotes":""},"categories":[1846],"tags":[680,772,3364,29,548,663,3934,30,13,2509,14,15,121,12,45,1995],"class_list":{"0":"post-158054","1":"post","2":"type-post","3":"status-publish","4":"format-standard","5":"has-post-thumbnail","7":"category-augsburg","8":"tag-augsburg","9":"tag-bayern","10":"tag-de","11":"tag-deutschland","12":"tag-eu","13":"tag-europa","14":"tag-europe","15":"tag-germany","16":"tag-headlines","17":"tag-ki-ots","18":"tag-nachrichten","19":"tag-news","20":"tag-polizei","21":"tag-schlagzeilen","22":"tag-texttospeech","23":"tag-verbrechen"},"share_on_mastodon":{"url":"https:\/\/pubeurope.com\/@de\/114611163150160324","error":""},"_links":{"self":[{"href":"https:\/\/www.europesays.com\/de\/wp-json\/wp\/v2\/posts\/158054","targetHints":{"allow":["GET"]}}],"collection":[{"href":"https:\/\/www.europesays.com\/de\/wp-json\/wp\/v2\/posts"}],"about":[{"href":"https:\/\/www.europesays.com\/de\/wp-json\/wp\/v2\/types\/post"}],"author":[{"embeddable":true,"href":"https:\/\/www.europesays.com\/de\/wp-json\/wp\/v2\/users\/2"}],"replies":[{"embeddable":true,"href":"https:\/\/www.europesays.com\/de\/wp-json\/wp\/v2\/comments?post=158054"}],"version-history":[{"count":0,"href":"https:\/\/www.europesays.com\/de\/wp-json\/wp\/v2\/posts\/158054\/revisions"}],"wp:featuredmedia":[{"embeddable":true,"href":"https:\/\/www.europesays.com\/de\/wp-json\/wp\/v2\/media\/158055"}],"wp:attachment":[{"href":"https:\/\/www.europesays.com\/de\/wp-json\/wp\/v2\/media?parent=158054"}],"wp:term":[{"taxonomy":"category","embeddable":true,"href":"https:\/\/www.europesays.com\/de\/wp-json\/wp\/v2\/categories?post=158054"},{"taxonomy":"post_tag","embeddable":true,"href":"https:\/\/www.europesays.com\/de\/wp-json\/wp\/v2\/tags?post=158054"}],"curies":[{"name":"wp","href":"https:\/\/api.w.org\/{rel}","templated":true}]}}