{"id":158067,"date":"2025-06-02T01:31:12","date_gmt":"2025-06-02T01:31:12","guid":{"rendered":"https:\/\/www.europesays.com\/de\/158067\/"},"modified":"2025-06-02T01:31:12","modified_gmt":"2025-06-02T01:31:12","slug":"sc-peckeloh-ii-erfaehrt-bittere-pleite-gegen-fc-tuerk-sport-bielefeld","status":"publish","type":"post","link":"https:\/\/www.europesays.com\/de\/158067\/","title":{"rendered":"SC Peckeloh II erf\u00e4hrt bittere Pleite gegen FC T\u00fcrk Sport Bielefeld"},"content":{"rendered":"<p>                                Spielinfos:<br \/>\nDatum &amp; Uhrzeit: 27.05.2025 19.30 Uhr<br \/>Austragungsort: Versmold<br \/>Wettbewerb: Bezirksliga Staffel 2<br \/>Spieltag: 30<\/p>\n<p>Spielbericht: SC Peckeloh II gegen FC T\u00fcrk Sport Bielefeld 1:5 (0:0)<\/p>\n<p id=\"absatz2\" class=\"em_text\">Versmold. Der Ausflug der Bielefelder auf den Schulplatz Peckeloh am Dienstag endet mit einem souver\u00e4nen Sieg. F\u00fcnf Treffer kann das Team von Akpinar Aziz im Tor von SC Peckeloh II-Keeper Jon Gerrit Bolmer versenken.<\/p>\n<p id=\"absatz4\" class=\"em_text\">Bis zur Halbzeitpause kommt niemand so richtig zum Zug, sodass die Kontrahenten ohne Tore in die zweite Spielh\u00e4lfte starten. Die G\u00e4ste aus Bielefeld kommen mit neuer Energie zur\u00fcck auf das Spielfeld. Und das zahlt sich aus. Dank Furkan Ars liegt das Team nur sechs Minuten nach Wiederanpfiff vorne. Unmittelbar darauf klingelt es schon wieder im Kasten. Wir sehen das zweite Tor durch Axel Fiorello Kouadio (54). Und die Trefferserie ist noch nicht vorbei: Batuhan Irmak kann in Minute 63 einlochen.<\/p>\n<p id=\"absatz5\" class=\"em_text\">Es sieht nicht gut aus f\u00fcr den SC Peckeloh II. In Minute 65 gelingt es Kevin Lenz noch, die Ehre der Peckeloher zu retten, das Match ist jedoch verloren. Batuhan Irmak trifft f\u00fcr Bielefeld in Minute 77. Es steht 4:1 f\u00fcr den FC T\u00fcrk Sport Bielefeld.<\/p>\n<p id=\"absatz6\" class=\"em_text\">Zeit zum Luftholen bleibt kaum, da man\u00f6vriert Batuhan Irmak den Ball erneut ins gegnerische Tor und kann den Abstand zum 1:5 ausbauen. Damit ist der Triumph der Bielefelder gesichert (78).<\/p>\n<p>Die Aufstellungen: SC Peckeloh II &#8211; FC T\u00fcrk Sport Bielefeld<br \/>\nSC Peckeloh II: Mehmet Mustafa Yildirim (11), Onur Sevinc (23), Alperen \u00d6zer (18), Timon Weinreich (9), Jon Gerrit Bolmer (1), Henrik Scheffer (5), Justin Noltmann (16), Noah Beumker (15), Elias Elpers (4), Kevin Lenz (6), Lennart Ken Brinkmann (14)<br \/>FC T\u00fcrk Sport Bielefeld: Karim Yehia (17), Aleksei Belov (5), Danylo Tsehelniy (6), Ecehan Demirayak (19), Ugur Pehlivan (4), Dogukan Demiray (22), Axel Fiorello Kouadio (14), Ahmet Kundag (13), Cem Kalkan (9), Furkan Ars (24), Batuhan Irmak (23)<br \/>Schiedsrichter: Klaus M\u00fcnstermann (Versmold)<\/p>\n<p id=\"absatz7\" class=\"em_text\">Assistent: Christian Cosfeld<\/p>\n<p id=\"absatz8\" class=\"em_text\">Assistent: G\u00f6khan Dogrul<\/p>\n<p id=\"absatz9\" class=\"em_text\" style=\"font-size: .8em;\">Die Inhalte dieses Berichts wurden automatisch auf der Basis von DFB-Daten zusammengestellt.<\/p>\n","protected":false},"excerpt":{"rendered":"Spielinfos: Datum &amp; Uhrzeit: 27.05.2025 19.30 UhrAustragungsort: VersmoldWettbewerb: Bezirksliga Staffel 2Spieltag: 30 Spielbericht: SC Peckeloh II gegen FC&hellip;\n","protected":false},"author":2,"featured_media":144750,"comment_status":"","ping_status":"","sticky":false,"template":"","format":"standard","meta":{"footnotes":""},"categories":[1841],"tags":[7763,16322,16320,1605,3364,29,16321,5282,16324,30,55393,52164,734,7774,1613,1209,16768,16766,16326,7773,7765,7764,21780,8404],"class_list":{"0":"post-158067","1":"post","2":"type-post","3":"status-publish","4":"format-standard","5":"has-post-thumbnail","7":"category-bielefeld","8":"tag-austragungsort","9":"tag-batuhan-irmak","10":"tag-bezirksliga","11":"tag-bielefeld","12":"tag-de","13":"tag-deutschland","14":"tag-fc-trk-sport-bielefeld","15":"tag-fuball","16":"tag-furkan-ars","17":"tag-germany","18":"tag-jon-gerrit-bolmer","19":"tag-kevin-lenz","20":"tag-meta_artikelklasse_nachricht","21":"tag-meta_themen_sport","22":"tag-meta_userneeds_informieremich","23":"tag-nordrhein-westfalen","24":"tag-peckeloh","25":"tag-sc-peckeloh","26":"tag-serie_ligaid_210864","27":"tag-serie_ligaid_all","28":"tag-spielinfo","29":"tag-uhrzeit","30":"tag-versmold","31":"tag-westfalen"},"share_on_mastodon":{"url":"https:\/\/pubeurope.com\/@de\/114611190731945083","error":""},"_links":{"self":[{"href":"https:\/\/www.europesays.com\/de\/wp-json\/wp\/v2\/posts\/158067","targetHints":{"allow":["GET"]}}],"collection":[{"href":"https:\/\/www.europesays.com\/de\/wp-json\/wp\/v2\/posts"}],"about":[{"href":"https:\/\/www.europesays.com\/de\/wp-json\/wp\/v2\/types\/post"}],"author":[{"embeddable":true,"href":"https:\/\/www.europesays.com\/de\/wp-json\/wp\/v2\/users\/2"}],"replies":[{"embeddable":true,"href":"https:\/\/www.europesays.com\/de\/wp-json\/wp\/v2\/comments?post=158067"}],"version-history":[{"count":0,"href":"https:\/\/www.europesays.com\/de\/wp-json\/wp\/v2\/posts\/158067\/revisions"}],"wp:featuredmedia":[{"embeddable":true,"href":"https:\/\/www.europesays.com\/de\/wp-json\/wp\/v2\/media\/144750"}],"wp:attachment":[{"href":"https:\/\/www.europesays.com\/de\/wp-json\/wp\/v2\/media?parent=158067"}],"wp:term":[{"taxonomy":"category","embeddable":true,"href":"https:\/\/www.europesays.com\/de\/wp-json\/wp\/v2\/categories?post=158067"},{"taxonomy":"post_tag","embeddable":true,"href":"https:\/\/www.europesays.com\/de\/wp-json\/wp\/v2\/tags?post=158067"}],"curies":[{"name":"wp","href":"https:\/\/api.w.org\/{rel}","templated":true}]}}