{"id":158077,"date":"2025-06-02T01:38:14","date_gmt":"2025-06-02T01:38:14","guid":{"rendered":"https:\/\/www.europesays.com\/de\/158077\/"},"modified":"2025-06-02T01:38:14","modified_gmt":"2025-06-02T01:38:14","slug":"usa-sechs-verletzte-bei-anschlag-auf-proisraelische-versammlung-in-boulder","status":"publish","type":"post","link":"https:\/\/www.europesays.com\/de\/158077\/","title":{"rendered":"USA: Sechs Verletzte bei Anschlag auf proisraelische Versammlung in Boulder"},"content":{"rendered":"<p class=\"paragraph article__item\">In Boulder im US-Bundesstaat <a href=\"https:\/\/www.zeit.de\/thema\/colorado\" class=\"\" target=\"_blank\" rel=\"nofollow noopener\">Colorado<\/a> hat ein Mann mehrere Teilnehmer einer proisraelischen Veranstaltung angegriffen und sechs von ihnen verletzt. Sie seien zwischen 67 und 88 Jahren alt und in umliegende Krankenh\u00e4user gebracht worden, teilte ein FBI-Vertreter auf einer Pressekonferenz mit. Der Angreifer habe w\u00e4hrend der Attacke mit einer Art Flammenwerfer &#8222;Free Palestine&#8220; (&#8222;Befreit Pal\u00e4stina&#8220;) gerufen. Ein 45 Jahre alter Verd\u00e4chtiger sei festgenommen worden. Das <a class=\"rtr-entity\" href=\"https:\/\/www.zeit.de\/thema\/fbi\" rel=\"nofollow noopener\" target=\"_blank\">FBI<\/a> behandle den Vorfall als Terrorakt.\n<\/p>\n<p class=\"paragraph article__item\">Der j\u00fcdischen US-Organisation Anti-Defamation League zufolge richtete<br \/>\nsich der Angriff gegen Teilnehmer einer Kundgebung der j\u00fcdischen<br \/>\nGemeinschaft zur Unterst\u00fctzung der von der Hamas<br \/>\nfestgehaltenen Geiseln im Gazastreifen. Die Veranstaltung in der<br \/>\n10.000-Einwohner-Stadt sei ein &#8222;w\u00f6chentliches Treffen von Mitgliedern<br \/>\nder j\u00fcdischen Gemeinschaft&#8220;, hie\u00df es.\u00a0\n<\/p>\n<p class=\"paragraph article__item\">FBI-Direktor Kash Patel hatte in einem <a href=\"https:\/\/x.com\/FBIDirectorKash\/status\/1929287827130372291\" class=\"\" target=\"_blank\" rel=\"nofollow\">Social-Media-Posting<\/a>\u00a0bereits<br \/>\n fr\u00fch von einem &#8222;gezielten Terroranschlag&#8220; gesprochen. Der lokale Polizeichef Stephen Redfearn hatte dem auf einer ersten Pressekonferenz zun\u00e4chst widersprochen und auf die laufenden<br \/>\nErmittlungen verwiesen.\u00a0\n<\/p>\n<p>        Polizei geht von Einzelt\u00e4ter aus        <\/p>\n<p class=\"paragraph article__item\">Auf einer weiteren Pressekonferenz sagte Redfearn, der Tatort sei weiter<br \/>\nabgesperrt. Die Menschen seien aufgerufen, die Gegend zu meiden. Die<br \/>\nsechs Opfer h\u00e4tten teils schwere und teils weniger schwere Verletzungen<br \/>\nerlitten.\u00a0Zahlreiche Zeugen am Tatort w\u00fcrden befragt. Man gehe derzeit<br \/>\nvon einem Einzelt\u00e4ter aus, k\u00f6nne dies aber noch nicht mit letzter<br \/>\nSicherheit best\u00e4tigen.\n<\/p>\n<p class=\"paragraph article__item\">Der Angriff habe sich am fr\u00fchen Nachmittag<br \/>\nOrtszeit ereignet, sagte Redfearn. In einem ersten Notruf sei die Rede von einem<br \/>\nAngreifer mit einer Waffe gewesen, der Menschen ins Visier genommen<br \/>\nhabe. Am Ort seien Beamte auf mehrere Verletzte mit Verbrennungen<br \/>\nund anderen Verletzungen gesto\u00dfen.\n<\/p>\n<p>        &#8222;Terrorismus gegen Juden&#8220;        <\/p>\n<p class=\"paragraph article__item\">Israels Botschafter bei den Vereinten Nationen, Danny Danon, \u00e4u\u00dferte sich entsetzt. Der &#8222;Terrorismus gegen Juden&#8220; mache nicht &#8222;an der Grenze zum Gazastreifen Halt&#8220;, teilte er mit. &#8222;Er brennt bereits in den Stra\u00dfen Amerikas&#8220;, f\u00fcgte er hinzu. J\u00fcdische Menschen h\u00e4tten in Boulder mit einer moralischen und humanen Forderung demonstriert: die R\u00fcckgabe der Geiseln. &#8222;Daraufhin wurden die j\u00fcdischen Demonstranten brutal angegriffen, wobei ein Angreifer einen Molotowcocktail auf sie warf&#8220;, sagte er und erg\u00e4nzte: &#8222;Das ist kein politischer Protest, das ist Terrorismus.&#8220;\n<\/p>\n<p>                            \u00a9\u00a0Lea Dohle<\/p>\n<p>\n                    Newsletter<\/p>\n<p>                    Was jetzt? \u2013 Der t\u00e4gliche Morgen\u00fcberblick<\/p>\n<p class=\"newsletter-signup__text\">Starten Sie mit unserem kurzen Nachrichten-Newsletter in den Tag. Erhalten Sie zudem freitags den US-Sonderletter &#8222;Was jetzt, America?&#8220; sowie das digitale Magazin ZEIT am Wochenende.<\/p>\n<p class=\"newsletter-signup__datapolicy\" hidden=\"\">\n            Mit Ihrer Registrierung nehmen Sie die <a href=\"https:\/\/datenschutz.zeit.de\/zon#Newsletter\" target=\"_blank\" rel=\"nofollow noopener\">Datenschutzerkl\u00e4rung<\/a> zur Kenntnis.\n        <\/p>\n<p>    Vielen Dank! Wir haben Ihnen eine E-Mail geschickt.<\/p>\n<p>Pr\u00fcfen Sie Ihr Postfach und best\u00e4tigen Sie das Newsletter-Abonnement.<\/p>\n<p class=\"paragraph article__item\">Der Gouverneur von Colorado,<br \/>\nJared Polis, schrieb auf X: &#8222;Ich<br \/>\n beobachte die Situation in Boulder genau, und meine Gedanken gehen an<br \/>\ndie Menschen, die von diesem abscheulichen Terrorakt verletzt und<br \/>\nbetroffen waren.&#8220;<\/p>\n","protected":false},"excerpt":{"rendered":"In Boulder im US-Bundesstaat Colorado hat ein Mann mehrere Teilnehmer einer proisraelischen Veranstaltung angegriffen und sechs von ihnen&hellip;\n","protected":false},"author":2,"featured_media":158078,"comment_status":"","ping_status":"","sticky":false,"template":"","format":"standard","meta":{"footnotes":""},"categories":[3977],"tags":[331,332,55397,7894,22720,13,14,15,16,121,12,55396,10037,4017,4018,4016,64,4019,4020],"class_list":{"0":"post-158077","1":"post","2":"type-post","3":"status-publish","4":"format-standard","5":"has-post-thumbnail","7":"category-usa","8":"tag-aktuelle-nachrichten","9":"tag-aktuelle-news","10":"tag-boulder","11":"tag-colorado","12":"tag-fbi","13":"tag-headlines","14":"tag-nachrichten","15":"tag-news","16":"tag-politik","17":"tag-polizei","18":"tag-schlagzeilen","19":"tag-stephen-redfearn","20":"tag-terroranschlag","21":"tag-united-states","22":"tag-united-states-of-america","23":"tag-us","24":"tag-usa","25":"tag-vereinigte-staaten","26":"tag-vereinigte-staaten-von-amerika"},"share_on_mastodon":{"url":"https:\/\/pubeurope.com\/@de\/114611218314599056","error":""},"_links":{"self":[{"href":"https:\/\/www.europesays.com\/de\/wp-json\/wp\/v2\/posts\/158077","targetHints":{"allow":["GET"]}}],"collection":[{"href":"https:\/\/www.europesays.com\/de\/wp-json\/wp\/v2\/posts"}],"about":[{"href":"https:\/\/www.europesays.com\/de\/wp-json\/wp\/v2\/types\/post"}],"author":[{"embeddable":true,"href":"https:\/\/www.europesays.com\/de\/wp-json\/wp\/v2\/users\/2"}],"replies":[{"embeddable":true,"href":"https:\/\/www.europesays.com\/de\/wp-json\/wp\/v2\/comments?post=158077"}],"version-history":[{"count":0,"href":"https:\/\/www.europesays.com\/de\/wp-json\/wp\/v2\/posts\/158077\/revisions"}],"wp:featuredmedia":[{"embeddable":true,"href":"https:\/\/www.europesays.com\/de\/wp-json\/wp\/v2\/media\/158078"}],"wp:attachment":[{"href":"https:\/\/www.europesays.com\/de\/wp-json\/wp\/v2\/media?parent=158077"}],"wp:term":[{"taxonomy":"category","embeddable":true,"href":"https:\/\/www.europesays.com\/de\/wp-json\/wp\/v2\/categories?post=158077"},{"taxonomy":"post_tag","embeddable":true,"href":"https:\/\/www.europesays.com\/de\/wp-json\/wp\/v2\/tags?post=158077"}],"curies":[{"name":"wp","href":"https:\/\/api.w.org\/{rel}","templated":true}]}}