{"id":158130,"date":"2025-06-02T02:07:20","date_gmt":"2025-06-02T02:07:20","guid":{"rendered":"https:\/\/www.europesays.com\/de\/158130\/"},"modified":"2025-06-02T02:07:20","modified_gmt":"2025-06-02T02:07:20","slug":"baden-wuerttemberg-nach-unfalltod-eines-polizisten-in-stuttgart-anklage-erhoben","status":"publish","type":"post","link":"https:\/\/www.europesays.com\/de\/158130\/","title":{"rendered":"Baden-W\u00fcrttemberg: Nach Unfalltod eines Polizisten in Stuttgart: Anklage erhoben"},"content":{"rendered":"<p class=\"metatextline\">Stand: 01.06.2025 14:43 Uhr<\/p>\n<p class=\"textabsatz columns twelve  m-ten  m-offset-one l-eight l-offset-two\">\n        <strong>Vor fast einem Jahr ist bei einer Eskorte f\u00fcr den ungarischen Regierungschef in Stuttgart ein Polizist ums Leben gekommen. Jetzt hat die Staatsanwaltschaft eine Seniorin angeklagt.<\/strong>\n    <\/p>\n<p class=\"textabsatz m-ten m-offset-one l-eight l-offset-two columns twelve\">\nVor fast einem Jahr wurde bei einem schweren Unfall in Stuttgart-Degerloch ein 61 Jahre alter Motorradpolizist so schwer verletzt, dass er wenig sp\u00e4ter im Krankenhaus starb. Nun hat die Staatsanwaltschaft Anklage am Amtsgericht Stuttgart gegen eine 70 Jahre alte Frau erhoben, wie die Deutsche Presse-Agentur (dpa) erfuhr.<\/p>\n<p>    Unfall ereignete sich in Degerloch bei Orb\u00e1n-Eskorte zur EM<\/p>\n<p class=\"textabsatz m-ten m-offset-one l-eight l-offset-two columns twelve\"><a href=\"https:\/\/www.swr.de\/swraktuell\/baden-wuerttemberg\/stuttgart\/unfall-degerloch-motorraeder-polizei-pkw-auto-polizist-getoetet-ums-leben-gekommen-kreuzung-100.html\" title=\"Der Unfall ereignete sich\" class=\"textlink--extern\" target=\"_blank\" rel=\"noopener nofollow\">Der Unfall ereignete sich<\/a>, als eine Motorrad-Staffel nach einem Spiel der ungarischen Nationalmannschaft bei der Fu\u00dfball-EM in Stuttgart den ungarischen Ministerpr\u00e4sidenten Viktor Orb\u00e1n wieder zur\u00fcck zum Flughafen eskortierte. Neben dem 61-J\u00e4hrigen wurde am 24. Juni 2024 noch ein weiterer Polizist schwer verletzt. Eine damals 69-j\u00e4hrige Autofahrerin war mit dem Motorrad des 61-J\u00e4hrigen kollidiert. Das Motorrad wurde durch die Wucht des Aufpralls gegen das Motorrad des 27-j\u00e4hrigen Kollegen geschleudert, der den Kreuzungsbereich abgesperrt hatte. Die Stra\u00dfe blieb mehrere Stunden lang gesperrt.<\/p>\n<p class=\"textabsatz m-ten m-offset-one l-eight l-offset-two columns twelve\">\nWie eine Sprecherin der Staatsanwaltschaft der dpa mitteilte, wird die jetzt 70 Jahre alte Fahrerin wegen fahrl\u00e4ssiger T\u00f6tung und fahrl\u00e4ssiger K\u00f6rperverletzung angeklagt. Zuerst hatte die <a href=\"https:\/\/www.esslinger-zeitung.de\/inhalt.stuttgarter-motorradpolizist-unfalltod-im-em-konvoi-autofahrerin-unter-anklage.6f0a58f7-8e53-4739-856a-ed955c94deda.html\" title=\"&quot;E\u00dflinger Zeitung&quot; berichtet\" class=\"textlink--extern js-link-dialog\" rel=\"noopener noreferrer nofollow\" target=\"_blank\" data-type=\"external\">&#8222;E\u00dflinger Zeitung&#8220; berichtet<\/a>.<\/p>\n<p>    Gro\u00dfe Anteilnahme innerhalb der Polizei nach Tod des Kollegen<\/p>\n<p class=\"textabsatz m-ten m-offset-one l-eight l-offset-two columns twelve\">\nNach dem Unfalltod des Motorradpolizisten <a href=\"https:\/\/www.swr.de\/swraktuell\/baden-wuerttemberg\/stuttgart\/schweigeminute-fuer-gestorbenen-motorradpolizisten-gedenken-polizei-orban-besuch-eskorte-100.html\" title=\"gedachten mehrere Hundert Kolleginnen und Kollegen des Mannes\" class=\"textlink--extern\" target=\"_blank\" rel=\"noopener nofollow\">gedachten mehrere Hundert Kolleginnen und Kollegen des Mannes<\/a>. In einem Trauermarsch zogen sie vom Stuttgarter Hauptbahnhof zur Domkirche St.\u00a0Eberhard. Dort wurde der t\u00f6dlich verungl\u00fcckte Beamte anschlie\u00dfend in einer Trauerfeier unter anderem im Beisein von Innenminister Thomas Strobl (CDU) gew\u00fcrdigt. Insgesamt folgten rund 700 Menschen dem Portr\u00e4t des gestorbenen Mannes an der Spitze des Trauerzuges. Etliche Kolleginnen und Kollegen standen mit ihren Motorr\u00e4dern Spalier.<\/p>\n<p class=\"textabsatz m-ten m-offset-one l-eight l-offset-two columns twelve\">\nEine Woche nach dem Unfall hatten bereits Hunderte Kolleginnen und Kollegen des 61-J\u00e4hrigen gedacht und f\u00fcr eine Schweigeminute auf dem Schlossplatz innegehalten. Die Staatsanwaltschaft konnte auf dpa-Anfrage nicht sagen, ob sich die angeklagte Fahrerin zu den Vorw\u00fcrfen ge\u00e4u\u00dfert hat.<\/p>\n<p class=\"textabsatz m-ten m-offset-one l-eight l-offset-two columns twelve\">Sendung am So., 1.6.2025 19:45 Uhr, SWR Aktuell Baden-W\u00fcrttemberg, SWR BW<\/p>\n<p>    Mehr zu dem schweren Unfall bei der Eskorte<\/p>\n<p>                                        <a class=\"backlink__link\" href=\"https:\/\/www.swr.de\/swraktuell\/baden-wuerttemberg\/stuttgart\/anklage-erhoben-nach-tod-von-polizisten-degerloch-unfall-motorrad-eskorte-orban-besuch-euro2024-100.html\" rel=\"nofollow noopener\" target=\"_blank\"><\/p>\n<p>                                                <img decoding=\"async\" src=\"https:\/\/www.europesays.com\/de\/wp-content\/uploads\/2025\/04\/lra-swr-logo-100.svg.svg+xml\" alt=\"S\u00fcdwestrundfunk\"\/><\/p>\n<p>                                        <\/a><\/p>\n","protected":false},"excerpt":{"rendered":"Stand: 01.06.2025 14:43 Uhr Vor fast einem Jahr ist bei einer Eskorte f\u00fcr den ungarischen Regierungschef in Stuttgart&hellip;\n","protected":false},"author":2,"featured_media":158131,"comment_status":"","ping_status":"","sticky":false,"template":"","format":"standard","meta":{"footnotes":""},"categories":[1830],"tags":[1634,3364,29,30,1441,1755],"class_list":{"0":"post-158130","1":"post","2":"type-post","3":"status-publish","4":"format-standard","5":"has-post-thumbnail","7":"category-stuttgart","8":"tag-baden-wuerttemberg","9":"tag-de","10":"tag-deutschland","11":"tag-germany","12":"tag-stuttgart","13":"tag-swr"},"share_on_mastodon":{"url":"https:\/\/pubeurope.com\/@de\/114611332338677043","error":""},"_links":{"self":[{"href":"https:\/\/www.europesays.com\/de\/wp-json\/wp\/v2\/posts\/158130","targetHints":{"allow":["GET"]}}],"collection":[{"href":"https:\/\/www.europesays.com\/de\/wp-json\/wp\/v2\/posts"}],"about":[{"href":"https:\/\/www.europesays.com\/de\/wp-json\/wp\/v2\/types\/post"}],"author":[{"embeddable":true,"href":"https:\/\/www.europesays.com\/de\/wp-json\/wp\/v2\/users\/2"}],"replies":[{"embeddable":true,"href":"https:\/\/www.europesays.com\/de\/wp-json\/wp\/v2\/comments?post=158130"}],"version-history":[{"count":0,"href":"https:\/\/www.europesays.com\/de\/wp-json\/wp\/v2\/posts\/158130\/revisions"}],"wp:featuredmedia":[{"embeddable":true,"href":"https:\/\/www.europesays.com\/de\/wp-json\/wp\/v2\/media\/158131"}],"wp:attachment":[{"href":"https:\/\/www.europesays.com\/de\/wp-json\/wp\/v2\/media?parent=158130"}],"wp:term":[{"taxonomy":"category","embeddable":true,"href":"https:\/\/www.europesays.com\/de\/wp-json\/wp\/v2\/categories?post=158130"},{"taxonomy":"post_tag","embeddable":true,"href":"https:\/\/www.europesays.com\/de\/wp-json\/wp\/v2\/tags?post=158130"}],"curies":[{"name":"wp","href":"https:\/\/api.w.org\/{rel}","templated":true}]}}