{"id":158220,"date":"2025-06-02T02:57:09","date_gmt":"2025-06-02T02:57:09","guid":{"rendered":"https:\/\/www.europesays.com\/de\/158220\/"},"modified":"2025-06-02T02:57:09","modified_gmt":"2025-06-02T02:57:09","slug":"ukraine-drohnen-zerstoeren-russen-bomber-ist-das-der-wendepunkt-im-krieg-politik","status":"publish","type":"post","link":"https:\/\/www.europesays.com\/de\/158220\/","title":{"rendered":"Ukraine-Drohnen zerst\u00f6ren Russen-Bomber: Ist das der Wendepunkt im Krieg? | Politik"},"content":{"rendered":"<p>Kiew\/Berlin \u2013 <b>Kann dieser Gegenschlag der Ukrainer gegen die Russen eine Wende einl\u00e4uten?<\/b><\/p>\n<p>Milit\u00e4r-Coup gegen Wladimir Putin (72): Am Sonntagmittag hat die Ukraine 4 strategische St\u00fctzpunkte des Kreml-Diktators angegriffen. Mitten in Russland.<\/p>\n<p>Von zahlreichen Lkw nahe der St\u00fctzpunkte starteten Drohnen, flogen ihre Angriffe. Sie zerst\u00f6rten angeblich bis zu 40 atomwaffenf\u00e4hige Russen-Bomber. Verantwortlich f\u00fcr die \u201eOperation Spinnennetz\u201c nach eigenen Angaben: der ukrainische Inlandsgeheimdienst SBU. <\/p>\n<p>Lesen Sie auchEin Wendepunkt im Krieg?<\/p>\n<p>\u201eNein\u201c, sagt Prof. Carlo Masala (57) von der Bundeswehr-Universit\u00e4t M\u00fcnchen im Gespr\u00e4ch mit BILD. \u201eEs ist kein strategischer Wendepunkt. Sollte die Zahl der zerst\u00f6rten Flugzeuge jedoch stimmen, w\u00e4re es eine massive Schw\u00e4chung der russischen Bomberflotte.\u201c<\/p>\n<p>Zudem zeige der Angriff, so Masala, \u201edass die Ukraine inzwischen in der Lage ist, Operationen tief im russischen Territorium durchzuf\u00fchren\u201c. Ob auch weitreichende Drohnen beteiligt waren, sei bislang unklar: \u201eBisher kennen wir nur die Bilder der Drohnen, die von Lkw gestartet sind. Ob auch Langstrecken-Drohnen im Einsatz waren, wissen wir nicht.\u201c Sollte dies jedoch zutreffen, w\u00e4re laut Masala \u201edie Entscheidung der Bundesregierung, die entsprechenden F\u00e4higkeiten der Ukraine st\u00e4rker zu f\u00f6rdern, absolut gerechtfertigt\u201c.<\/p>\n<p>Mit einer Antwort aus Moskau sei zu rechnen. Masala warnt: \u201eRussland wird mit Vergeltung reagieren. Vermutlich mit Angriffen auf zivile Ziele in der Ukraine.\u201c<\/p>\n<p>CDU-Au\u00dfenpolitiker Norbert R\u00f6ttgen (59) sieht in dem Schlag einen klaren Beleg f\u00fcr die wachsenden F\u00e4higkeiten der Ukraine: \u201eDiese erfolgreiche Operation, Tausende Kilometer entfernt von der Grenze, zeigt, wie stark sich die Ukraine technologisch und industriell weiterentwickelt hat. Sie nutzt diese F\u00e4higkeiten f\u00fcr milit\u00e4risch kluge und mutige Angriffe.\u201c<\/p>\n<p><img decoding=\"async\" width=\"992\" height=\"558\" alt=\"Au\u00dfenpolitik-Experte Norbert R\u00f6ttgen lobt die milit\u00e4rische Schlagkraft der Ukraine\" src=\"https:\/\/www.europesays.com\/de\/wp-content\/uploads\/2025\/06\/66d39d04b9a680a00f7dac30df96e9e9,4e94e04a\"   class=\"landscape\" loading=\"lazy\"\/><\/p>\n<p class=\"fig__caption__text\">Au\u00dfenpolitik-Experte Norbert R\u00f6ttgen (59, CDU) lobt die milit\u00e4rische Schlagkraft der Ukraine<\/p>\n<p>Foto: Michael Kappeler\/dpa<\/p>\n<p>Verteidigungsexperte Roderich Kiesewetter (61, CDU) lobt den \u201egro\u00dfen Erfolg der Ukraine, der lange vorbereitet gewesen sein muss\u201c. Kiesewetter hebt auch die Bedeutung der Angriffe vor den am Montag in Istanbul beginnenden Verhandlungen \u00fcber eine Waffenruhe hervor. \u201eEntscheidend\u201c sei, dass \u201edie Ukraine ihre St\u00e4rke zeigt. Das sollte auch Leuten den Wind aus den Segeln nehmen, die glauben, man k\u00f6nne eine Nuklearmacht nicht eind\u00e4mmen\u201c!<\/p>\n<p>Hintergrund: Am Montag treffen sich erneut russische und ukrainische Unterh\u00e4ndler in Istanbul zu Verhandlungen \u00fcber eine Waffenruhe. Die erste Verhandlungsrunde am 16. Mai verlief ohne Ergebnis.<\/p>\n<p><b>Zur Person:<\/b><\/p>\n<p><b>Carlo Masala <\/b>ist Professor f\u00fcr Internationale Politik an der Universit\u00e4t der Bundeswehr M\u00fcnchen und z\u00e4hlt zu den f\u00fchrenden deutschen Experten f\u00fcr Sicherheits- und Geopolitik.<\/p>\n<p>info.Bild<\/p>\n","protected":false},"excerpt":{"rendered":"Kiew\/Berlin \u2013 Kann dieser Gegenschlag der Ukrainer gegen die Russen eine Wende einl\u00e4uten? Milit\u00e4r-Coup gegen Wladimir Putin (72):&hellip;\n","protected":false},"author":2,"featured_media":158221,"comment_status":"","ping_status":"","sticky":false,"template":"","format":"standard","meta":{"footnotes":""},"categories":[4012],"tags":[331,332,13,3083,14,15,3082,307,12,45,317,3081],"class_list":{"0":"post-158220","1":"post","2":"type-post","3":"status-publish","4":"format-standard","5":"has-post-thumbnail","7":"category-ukraine","8":"tag-aktuelle-nachrichten","9":"tag-aktuelle-news","10":"tag-headlines","11":"tag-krim","12":"tag-nachrichten","13":"tag-news","14":"tag-putin-wladimir","15":"tag-russland","16":"tag-schlagzeilen","17":"tag-texttospeech","18":"tag-ukraine","19":"tag-ukraine-konflikt"},"share_on_mastodon":{"url":"https:\/\/pubeurope.com\/@de\/114611528855395435","error":""},"_links":{"self":[{"href":"https:\/\/www.europesays.com\/de\/wp-json\/wp\/v2\/posts\/158220","targetHints":{"allow":["GET"]}}],"collection":[{"href":"https:\/\/www.europesays.com\/de\/wp-json\/wp\/v2\/posts"}],"about":[{"href":"https:\/\/www.europesays.com\/de\/wp-json\/wp\/v2\/types\/post"}],"author":[{"embeddable":true,"href":"https:\/\/www.europesays.com\/de\/wp-json\/wp\/v2\/users\/2"}],"replies":[{"embeddable":true,"href":"https:\/\/www.europesays.com\/de\/wp-json\/wp\/v2\/comments?post=158220"}],"version-history":[{"count":0,"href":"https:\/\/www.europesays.com\/de\/wp-json\/wp\/v2\/posts\/158220\/revisions"}],"wp:featuredmedia":[{"embeddable":true,"href":"https:\/\/www.europesays.com\/de\/wp-json\/wp\/v2\/media\/158221"}],"wp:attachment":[{"href":"https:\/\/www.europesays.com\/de\/wp-json\/wp\/v2\/media?parent=158220"}],"wp:term":[{"taxonomy":"category","embeddable":true,"href":"https:\/\/www.europesays.com\/de\/wp-json\/wp\/v2\/categories?post=158220"},{"taxonomy":"post_tag","embeddable":true,"href":"https:\/\/www.europesays.com\/de\/wp-json\/wp\/v2\/tags?post=158220"}],"curies":[{"name":"wp","href":"https:\/\/api.w.org\/{rel}","templated":true}]}}