{"id":158260,"date":"2025-06-02T03:19:44","date_gmt":"2025-06-02T03:19:44","guid":{"rendered":"https:\/\/www.europesays.com\/de\/158260\/"},"modified":"2025-06-02T03:19:44","modified_gmt":"2025-06-02T03:19:44","slug":"radfahrerin-stirbt-in-essen-polizei-sucht-zeugen","status":"publish","type":"post","link":"https:\/\/www.europesays.com\/de\/158260\/","title":{"rendered":"Radfahrerin stirbt in Essen \u2013 Polizei sucht Zeugen"},"content":{"rendered":"<p class=\"small date article__date\">Ver\u00f6ffentlicht:\u00a0Freitag, 30.05.2025 11:40<\/p>\n<p>In Essen hat es einen t\u00f6dlichen Verkehrsunfall gegeben. Eine Radfahrerin ist zwei Wochen nach einem Zusammensto\u00df gestorben. Jetzt sucht die Polizei dringend nach Zeugen.<\/p>\n<p><img decoding=\"async\" alt=\"\" src=\"https:\/\/www.europesays.com\/de\/wp-content\/uploads\/2025\/06\/zeugen.png&#038;resize=1280x800&#038;dt=202403121718130.png\" data-size=\"1280x800\"\/>Frau in Essen stirbt nach Unfall<\/p>\n<p>Nach einem schweren Verkehrsunfall in Essen-S\u00fcdviertel ist eine 47-j\u00e4hrige Radfahrerin ihren Verletzungen erlegen. Die Frau war am 12. Mai auf der Rellinghauser Stra\u00dfe mit einem Auto zusammengesto\u00dfen. Der Unfall passierte in H\u00f6he der Fu\u00dfg\u00e4ngerampel an der Richard-Wagner-Stra\u00dfe.<\/p>\n<p>Laut Polizei querte die Radfahrerin offenbar von rechts die Stra\u00dfe, als sie mit einem schwarzen Dacia kollidierte. Am Steuer sa\u00df ein 22-j\u00e4hriger Fahrer, der in Richtung Bergerhausen unterwegs war. Die Radfahrerin wurde schwer verletzt ins Krankenhaus gebracht. Zwei Wochen sp\u00e4ter, am 26. Mai, ist sie dort gestorben. Eine Obduktion ergab, dass sie an den Folgen des Unfalls gestorben ist. <\/p>\n<p>Polizei Essen bittet um Hinweise<\/p>\n<p>Das Verkehrskommissariat ermittelt und bittet dringend um Zeugenhinweise. Wer den Unfall am 12. Mai beobachtet hat oder etwas zur Situation an der Rellinghauser Stra\u00dfe sagen kann, soll sich bei der Polizei melden. Entweder unter 0201 \/ 829-0 oder per E-Mail an hinweise.essen@polizei.nrw.de.<\/p>\n<p>Mehr Nachrichten aus Essen<\/p>\n","protected":false},"excerpt":{"rendered":"Ver\u00f6ffentlicht:\u00a0Freitag, 30.05.2025 11:40 In Essen hat es einen t\u00f6dlichen Verkehrsunfall gegeben. Eine Radfahrerin ist zwei Wochen nach einem&hellip;\n","protected":false},"author":2,"featured_media":92567,"comment_status":"","ping_status":"","sticky":false,"template":"","format":"standard","meta":{"footnotes":""},"categories":[1834],"tags":[24584,3275,4572,31993,3364,29,3688,30,1209,1284,3260],"class_list":{"0":"post-158260","1":"post","2":"type-post","3":"status-publish","4":"format-standard","5":"has-post-thumbnail","7":"category-essen","8":"tag-fahrradfahrerin","9":"tag-lokalnachrichten","10":"tag-polizei-essen","11":"tag-sdviertel","12":"tag-de","13":"tag-deutschland","14":"tag-essen","15":"tag-germany","16":"tag-nordrhein-westfalen","17":"tag-unfall","18":"tag-verkehrsunfall"},"share_on_mastodon":{"url":"https:\/\/pubeurope.com\/@de\/114611615715647328","error":""},"_links":{"self":[{"href":"https:\/\/www.europesays.com\/de\/wp-json\/wp\/v2\/posts\/158260","targetHints":{"allow":["GET"]}}],"collection":[{"href":"https:\/\/www.europesays.com\/de\/wp-json\/wp\/v2\/posts"}],"about":[{"href":"https:\/\/www.europesays.com\/de\/wp-json\/wp\/v2\/types\/post"}],"author":[{"embeddable":true,"href":"https:\/\/www.europesays.com\/de\/wp-json\/wp\/v2\/users\/2"}],"replies":[{"embeddable":true,"href":"https:\/\/www.europesays.com\/de\/wp-json\/wp\/v2\/comments?post=158260"}],"version-history":[{"count":0,"href":"https:\/\/www.europesays.com\/de\/wp-json\/wp\/v2\/posts\/158260\/revisions"}],"wp:featuredmedia":[{"embeddable":true,"href":"https:\/\/www.europesays.com\/de\/wp-json\/wp\/v2\/media\/92567"}],"wp:attachment":[{"href":"https:\/\/www.europesays.com\/de\/wp-json\/wp\/v2\/media?parent=158260"}],"wp:term":[{"taxonomy":"category","embeddable":true,"href":"https:\/\/www.europesays.com\/de\/wp-json\/wp\/v2\/categories?post=158260"},{"taxonomy":"post_tag","embeddable":true,"href":"https:\/\/www.europesays.com\/de\/wp-json\/wp\/v2\/tags?post=158260"}],"curies":[{"name":"wp","href":"https:\/\/api.w.org\/{rel}","templated":true}]}}