{"id":158410,"date":"2025-06-02T04:46:17","date_gmt":"2025-06-02T04:46:17","guid":{"rendered":"https:\/\/www.europesays.com\/de\/158410\/"},"modified":"2025-06-02T04:46:17","modified_gmt":"2025-06-02T04:46:17","slug":"flugzeugabsturz-wegen-motorenproblemen-antenne-duesseldorf","status":"publish","type":"post","link":"https:\/\/www.europesays.com\/de\/158410\/","title":{"rendered":"Flugzeugabsturz wegen Motorenproblemen? &#8211; Antenne D\u00fcsseldorf"},"content":{"rendered":"<p class=\"small date article__date\">Ver\u00f6ffentlicht:\u00a0Montag, 02.06.2025 06:10<\/p>\n<p>Eine Frau aus D\u00fcsseldorf ist am Wochenende mit ihrem Kleinflugzeug in\u00a0<a href=\"https:\/\/de.wikipedia.org\/wiki\/Korschenbroich\" rel=\"noopener noreferrer\" target=\"_blank\">Korschenbroich<\/a> in ein Wohnhaus gest\u00fcrzt. Die 71j\u00e4hrige und eine weitere\u00a0Frau kamen ums Leben. Die D\u00fcsseldorferin war mit ihrer Maschine in\u00a0Ostdeutschland gestartet.<\/p>\n<p><img decoding=\"async\" alt=\"Eine Lupe, die die Stadtgrenzen D\u00fcsseldorfs vergr\u00f6\u00dfert. Die Grafik ist in den Farben von Antenne D\u00fcsseldorf gehalten.\" src=\"https:\/\/www.europesays.com\/de\/wp-content\/uploads\/2025\/06\/lupe-mit-den-duesseldorf-umrissen.png&#038;resize=1280x800&#038;dt=202411051129170.png\" data-size=\"1280x800\"\/>\u00a9 Antenne D\u00fcsseldorfZwei Tote nach Flugzeugabsturz<\/p>\n<p>Motorenprobleme sollen m\u00f6glicherweise die Ursache f\u00fcr den Absturz eines Kleinflugzeuges in Korschenbroich gewesen sein. Eine Frau aus D\u00fcsseldorf war dort im Stadtteil <a href=\"https:\/\/de.wikipedia.org\/wiki\/Kleinenbroich\" rel=\"noopener noreferrer\" target=\"_blank\">Kleinenbroich<\/a> am Samstagmittag mit ihrer Maschine in ein Wohnhaus gest\u00fcrzt.<\/p>\n<p>Flugroute: Von Ostdeutschland nach M\u00f6nchengladbach<\/p>\n<p>Polizeisprecherin Claudia Suthor sagte, die Frau sei in Ostdeutschland gestartet und w\u00e4re auf dem Weg nach M\u00f6nchengladbach gewesen:<\/p>\n<p>Identit\u00e4t der Opfer ist noch nicht vollst\u00e4ndig best\u00e4tigt<\/p>\n<p>Es gab zwei Tote, darunter auch die Pilotin. Nach Angaben des Rhein Kreises Neuss scheint es sich bei der zweiten Toten um eine Bewohnerin des Hauses zu handeln. Die Polizei wollte dies zun\u00e4chst nicht best\u00e4tigen.<\/p>\n<p>Weitere Infos und Links zum Thema:<\/p>\n<p><a href=\"https:\/\/www.news894.de\/artikel\/zwei-tote-nach-tragischem-flugzeugunglueck-in-kleinenbroich-2341664.html\" rel=\"noopener noreferrer\" target=\"_blank\">So berichten die Kolleginnen und Kollegen von News 89.4<\/a><\/p>\n<p><a href=\"https:\/\/rp-online.de\/nrw\/staedte\/korschenbroich\/kleinenbroich-flugzeug-stuerzt-auf-wohnhaus-2-tote_aid-128510605\" rel=\"noopener noreferrer\" target=\"_blank\">So berichten die Kolleginnen und Kollegen der Rheinischen Post<\/a><\/p>\n<p><a href=\"https:\/\/www.presseportal.de\/blaulicht\/pm\/65851\/6046018\" rel=\"noopener noreferrer\" target=\"_blank\">Das meldet die Polizei<\/a><\/p>\n","protected":false},"excerpt":{"rendered":"Ver\u00f6ffentlicht:\u00a0Montag, 02.06.2025 06:10 Eine Frau aus D\u00fcsseldorf ist am Wochenende mit ihrem Kleinflugzeug in\u00a0Korschenbroich in ein Wohnhaus gest\u00fcrzt.&hellip;\n","protected":false},"author":2,"featured_media":7957,"comment_status":"","ping_status":"","sticky":false,"template":"","format":"standard","meta":{"footnotes":""},"categories":[1831],"tags":[55463,55464,3364,29,3405,321,30,24741,1209,121],"class_list":{"0":"post-158410","1":"post","2":"type-post","3":"status-publish","4":"format-standard","5":"has-post-thumbnail","7":"category-duesseldorf","8":"tag-korschenbroich-kleinenbroich","9":"tag-motorenprobleme","10":"tag-de","11":"tag-deutschland","12":"tag-duesseldorf","13":"tag-flugzeugabsturz","14":"tag-germany","15":"tag-korschenbroich","16":"tag-nordrhein-westfalen","17":"tag-polizei"},"share_on_mastodon":{"url":"https:\/\/pubeurope.com\/@de\/114611957481154343","error":""},"_links":{"self":[{"href":"https:\/\/www.europesays.com\/de\/wp-json\/wp\/v2\/posts\/158410","targetHints":{"allow":["GET"]}}],"collection":[{"href":"https:\/\/www.europesays.com\/de\/wp-json\/wp\/v2\/posts"}],"about":[{"href":"https:\/\/www.europesays.com\/de\/wp-json\/wp\/v2\/types\/post"}],"author":[{"embeddable":true,"href":"https:\/\/www.europesays.com\/de\/wp-json\/wp\/v2\/users\/2"}],"replies":[{"embeddable":true,"href":"https:\/\/www.europesays.com\/de\/wp-json\/wp\/v2\/comments?post=158410"}],"version-history":[{"count":0,"href":"https:\/\/www.europesays.com\/de\/wp-json\/wp\/v2\/posts\/158410\/revisions"}],"wp:featuredmedia":[{"embeddable":true,"href":"https:\/\/www.europesays.com\/de\/wp-json\/wp\/v2\/media\/7957"}],"wp:attachment":[{"href":"https:\/\/www.europesays.com\/de\/wp-json\/wp\/v2\/media?parent=158410"}],"wp:term":[{"taxonomy":"category","embeddable":true,"href":"https:\/\/www.europesays.com\/de\/wp-json\/wp\/v2\/categories?post=158410"},{"taxonomy":"post_tag","embeddable":true,"href":"https:\/\/www.europesays.com\/de\/wp-json\/wp\/v2\/tags?post=158410"}],"curies":[{"name":"wp","href":"https:\/\/api.w.org\/{rel}","templated":true}]}}