{"id":158411,"date":"2025-06-02T04:47:08","date_gmt":"2025-06-02T04:47:08","guid":{"rendered":"https:\/\/www.europesays.com\/de\/158411\/"},"modified":"2025-06-02T04:47:08","modified_gmt":"2025-06-02T04:47:08","slug":"effzeh-holt-johannesson-aus-duesseldorf","status":"publish","type":"post","link":"https:\/\/www.europesays.com\/de\/158411\/","title":{"rendered":"Effzeh holt Johannesson aus D\u00fcsseldorf"},"content":{"rendered":"<p>Der Weg in die neue sportliche Heimat ist f\u00fcr Isak Johannesson nicht weit. Denn der 22-J\u00e4hrige wechselt von Fortuna D\u00fcsseldorf zum 1. FC K\u00f6ln. Johannesson hat einen Vertrag bis 2030 unterschrieben und gilt als lauf- und spielstarker Mittelfeldspieler, der zudem noch torgef\u00e4hrlich werden kann. F\u00fcr die Fortuna erzielte er in der vergangenen Saison elf Tore und bereitete sieben weitere Treffer vor. Johannesson ist der erste Isl\u00e4nder in der Vereinsgeschichte des Effzeh. (GO|DD)<\/p>\n","protected":false},"excerpt":{"rendered":"Der Weg in die neue sportliche Heimat ist f\u00fcr Isak Johannesson nicht weit. Denn der 22-J\u00e4hrige wechselt von&hellip;\n","protected":false},"author":2,"featured_media":158412,"comment_status":"","ping_status":"","sticky":false,"template":"","format":"standard","meta":{"footnotes":""},"categories":[1831],"tags":[7767,3364,29,3405,25655,30,1209],"class_list":{"0":"post-158411","1":"post","2":"type-post","3":"status-publish","4":"format-standard","5":"has-post-thumbnail","7":"category-duesseldorf","8":"tag-1-fc-kln","9":"tag-de","10":"tag-deutschland","11":"tag-duesseldorf","12":"tag-effzeh","13":"tag-germany","14":"tag-nordrhein-westfalen"},"share_on_mastodon":{"url":"https:\/\/pubeurope.com\/@de\/114611961386872307","error":""},"_links":{"self":[{"href":"https:\/\/www.europesays.com\/de\/wp-json\/wp\/v2\/posts\/158411","targetHints":{"allow":["GET"]}}],"collection":[{"href":"https:\/\/www.europesays.com\/de\/wp-json\/wp\/v2\/posts"}],"about":[{"href":"https:\/\/www.europesays.com\/de\/wp-json\/wp\/v2\/types\/post"}],"author":[{"embeddable":true,"href":"https:\/\/www.europesays.com\/de\/wp-json\/wp\/v2\/users\/2"}],"replies":[{"embeddable":true,"href":"https:\/\/www.europesays.com\/de\/wp-json\/wp\/v2\/comments?post=158411"}],"version-history":[{"count":0,"href":"https:\/\/www.europesays.com\/de\/wp-json\/wp\/v2\/posts\/158411\/revisions"}],"wp:featuredmedia":[{"embeddable":true,"href":"https:\/\/www.europesays.com\/de\/wp-json\/wp\/v2\/media\/158412"}],"wp:attachment":[{"href":"https:\/\/www.europesays.com\/de\/wp-json\/wp\/v2\/media?parent=158411"}],"wp:term":[{"taxonomy":"category","embeddable":true,"href":"https:\/\/www.europesays.com\/de\/wp-json\/wp\/v2\/categories?post=158411"},{"taxonomy":"post_tag","embeddable":true,"href":"https:\/\/www.europesays.com\/de\/wp-json\/wp\/v2\/tags?post=158411"}],"curies":[{"name":"wp","href":"https:\/\/api.w.org\/{rel}","templated":true}]}}