{"id":158415,"date":"2025-06-02T04:49:08","date_gmt":"2025-06-02T04:49:08","guid":{"rendered":"https:\/\/www.europesays.com\/de\/158415\/"},"modified":"2025-06-02T04:49:08","modified_gmt":"2025-06-02T04:49:08","slug":"vfb-stuttgart-vor-5-jahren-zeigt-der-vfb-endlich-sein-aufstiegs-gesicht-sport","status":"publish","type":"post","link":"https:\/\/www.europesays.com\/de\/158415\/","title":{"rendered":"VfB Stuttgart vor 5 Jahren: Zeigt der VfB endlich sein Aufstiegs-Gesicht? | Sport"},"content":{"rendered":"<p><b>\u201eVfB Stuttgart vor 5 Jahren\u201c ist eine Serie, in der BILD historische Artikel wieder zum Leben erweckt. Lesen Sie heute, was den VfB im Jahr 2020 bewegte.<\/b><\/p>\n<p>Der Artikel \u201eZeigt der VfB endlich sein Aufstiegs-Gesicht?\u201c ist am 2. Juni 2020 bei BILD erschienen<\/p>\n<p><b>Noch f\u00fcnf Spiele sind es bis zum Saisonende. F\u00fcnf Endspiele um Platz 2. <\/b><a href=\"https:\/\/www.bild.de\/sport\/fussball\/vfb-stuttgart\/startseite-stuttgart-31074430.bild.html\" class=\"text-link\" rel=\"nofollow noopener\" target=\"_blank\"><b>Stuttgart<\/b><\/a><b> (51 Punkte), Hamburg (49) und Heidenheim (48) k\u00e4mpfen um den Platz hinter Spitzenreiter Bielefeld \u2013 und den direkten Einzug in die Bundesliga.<\/b><\/p>\n<p>Auch interessant<\/p>\n<p>Anzeige<\/p>\n<p>Auch interessant<\/p>\n<p>Anzeige<\/p>\n<p>Nachdem der VfB die ersten beiden Geisterspiele in Wehen und Kiel noch verbockte und auf Platz 3 zur\u00fcckfiel, herrscht nun Zuversicht.<\/p>\n<p><b>Erst das Adrenalin-3:2 gegen den HSV nach 0:2-R\u00fcckstand. Und drei Tage sp\u00e4ter ein solides 2:0 in Dresden. Der VfB ist zur\u00fcck auf Platz 2. Zeigen die Schwaben jetzt endlich ihr Aufstiegs-Gesicht?<\/b><\/p>\n<p>Auff\u00e4llig: Trotz des Erfolgs bei den quarant\u00e4negeplagten Sachsen gab es keine Spur von Selbstzufriedenheit. Im Gegenteil. Trainer Pellegrino Matarazzo (42) haderte: \u201eNach dem 1:0 sind wir zu sehr in den Verwaltungsmodus gekommen. Mir haben Mut, Zielstrebigkeit und tiefe Laufwege gefehlt. Ich h\u00e4tte mir gew\u00fcnscht, dass wir schnell auf das n\u00e4chste Tor gehen, so \u00e4hnlich wie Bayern Samstag seinen Gegner abgeschossen hat.\u201c<\/p>\n<p>Sportdirektor Sven Mislintat (47) m\u00e4kelte: \u201eWenn du das Spiel nur kontrollieren willst, besteht das Risiko, mit einer ungl\u00fccklichen Aktion den Ausgleich zu kassieren. Da m\u00fcssen wir etwas mehr Killer sein.\u201c<\/p>\n<p>Zwei Dreier in der Englischen Woche, endlich ein Zu-Null-Sieg, Platz 2 verteidigt, Ende vom Ausw\u00e4rtsfluch (zuvor gab es drei Pleiten in Folge in der Fremde).<\/p>\n<p><b>Hamadi Al Ghaddioui (Torsch\u00fctze zum 1:0 in Dresden): \u201eDa Hamburg und Heidenheim auch gewonnen haben, war es wichtig, dass wir unseren Job gemacht haben.\u201c<\/b><\/p>\n","protected":false},"excerpt":{"rendered":"\u201eVfB Stuttgart vor 5 Jahren\u201c ist eine Serie, in der BILD historische Artikel wieder zum Leben erweckt. Lesen&hellip;\n","protected":false},"author":2,"featured_media":158416,"comment_status":"","ping_status":"","sticky":false,"template":"","format":"standard","meta":{"footnotes":""},"categories":[1830],"tags":[1634,3364,29,30,3890,3891,1441,45,2915],"class_list":{"0":"post-158415","1":"post","2":"type-post","3":"status-publish","4":"format-standard","5":"has-post-thumbnail","7":"category-stuttgart","8":"tag-baden-wuerttemberg","9":"tag-de","10":"tag-deutschland","11":"tag-germany","12":"tag-graubrot","13":"tag-retro-geschichten","14":"tag-stuttgart","15":"tag-texttospeech","16":"tag-vfb-stuttgart"},"share_on_mastodon":{"url":"https:\/\/pubeurope.com\/@de\/114611969300440464","error":""},"_links":{"self":[{"href":"https:\/\/www.europesays.com\/de\/wp-json\/wp\/v2\/posts\/158415","targetHints":{"allow":["GET"]}}],"collection":[{"href":"https:\/\/www.europesays.com\/de\/wp-json\/wp\/v2\/posts"}],"about":[{"href":"https:\/\/www.europesays.com\/de\/wp-json\/wp\/v2\/types\/post"}],"author":[{"embeddable":true,"href":"https:\/\/www.europesays.com\/de\/wp-json\/wp\/v2\/users\/2"}],"replies":[{"embeddable":true,"href":"https:\/\/www.europesays.com\/de\/wp-json\/wp\/v2\/comments?post=158415"}],"version-history":[{"count":0,"href":"https:\/\/www.europesays.com\/de\/wp-json\/wp\/v2\/posts\/158415\/revisions"}],"wp:featuredmedia":[{"embeddable":true,"href":"https:\/\/www.europesays.com\/de\/wp-json\/wp\/v2\/media\/158416"}],"wp:attachment":[{"href":"https:\/\/www.europesays.com\/de\/wp-json\/wp\/v2\/media?parent=158415"}],"wp:term":[{"taxonomy":"category","embeddable":true,"href":"https:\/\/www.europesays.com\/de\/wp-json\/wp\/v2\/categories?post=158415"},{"taxonomy":"post_tag","embeddable":true,"href":"https:\/\/www.europesays.com\/de\/wp-json\/wp\/v2\/tags?post=158415"}],"curies":[{"name":"wp","href":"https:\/\/api.w.org\/{rel}","templated":true}]}}