{"id":158423,"date":"2025-06-02T04:53:14","date_gmt":"2025-06-02T04:53:14","guid":{"rendered":"https:\/\/www.europesays.com\/de\/158423\/"},"modified":"2025-06-02T04:53:14","modified_gmt":"2025-06-02T04:53:14","slug":"gewitter-und-schauer-zum-wochenstart-erwartet","status":"publish","type":"post","link":"https:\/\/www.europesays.com\/de\/158423\/","title":{"rendered":"Gewitter und Schauer zum Wochenstart erwartet"},"content":{"rendered":"<p>Bis 21 Grad <\/p>\n<p>Gewitter und Schauer zum Wochenstart in K\u00f6ln<\/p>\n<p>02.06.2025 &#8211; 06:45 UhrLesedauer: 1 Min.<\/p>\n<p><a href=\"#focus-0\" class=\"transition-colors duration-200 focus-within:text-magenta block text-current relative\" data-sctrack=\"FocusGalleryImage.Reference\"><img fetchpriority=\"high\" data-testid=\"Opener.Image\" style=\"--lqipURL:url('https:\/\/images.t-online.de\/2025\/06\/KNXRoiWKcUnw\/0x209:4000x2250\/fit-in\/150x0\/filters:blur(25)\/regentropfen-auf-eine-glasscheibe-im-hintergrund-der-koelner-dom-archivbild-der-wochenstart-wird-ungemuetlich-am-rhein.jpg')\"   loading=\"eager\" src=\"https:\/\/www.europesays.com\/de\/wp-content\/uploads\/2025\/06\/regentropfen-auf-eine-glasscheibe-im-hintergrund-der-koelner-dom-archivbild-der-wochenstart-wird-ung.jpeg\" alt=\"Regentropfen auf eine Glasscheibe, im Hintergrund der K\u00f6lner Dom (Archivbild): Der Wochenstart wird ungem\u00fctlich am Rhein.\" title=\"Regentropfen auf eine Glasscheibe, im Hintergrund der K\u00f6lner Dom (Archivbild): Der Wochenstart wird ungem\u00fctlich am Rhein.\" width=\"4000\" height=\"2250\" class=\"bg-[url:var(--lqipURL)] bg-cover bg-center flex w-full max-w-full h-full\" decoding=\"async\"\/><img style=\"--width:32;--height:32\" loading=\"lazy\" src=\"https:\/\/www.europesays.com\/de\/wp-content\/uploads\/2025\/05\/zoom-in.f7dae02f.svg.svg+xml\" alt=\"Vergr\u00f6\u00dfern des Bildes\" title=\"Vergr\u00f6\u00dfern des Bildes\" class=\"&#10;        block&#10;        h-[calc(var(--height)_\/_16_*_1rem)]&#10;        w-[calc(var(--width)_\/_16_*_1rem)]&#10;        max-w-none&#10;        absolute bottom-8 right-8 rounded-4 bg-snow p-8\" decoding=\"async\"\/><\/a><\/p>\n<p>Regentropfen auf eine Glasscheibe, im Hintergrund der K\u00f6lner Dom (Archivbild): Der Wochenstart wird ungem\u00fctlich am Rhein. (Quelle: IMAGO\/Marc John\/imago-images-bilder)<\/p>\n<p class=\"font-bold text-18 leading-17\">Der Montag startet mit einzelnen Gewittern in der Domstadt. Doch das ist erst der Anfang \u2013 zur Wochenmitte wartet eine \u00dcberraschung auf die K\u00f6lner.<\/p>\n<p class=\"text-18 leading-17\">Der Wochenstart in <a class=\"transition-colors duration-200 cursor-pointer text-inherit no-underline text-salemsfur md:hover:text-magenta md:hover:border-magenta md:focus:text-magenta border-current border-b border-solid break-words\" href=\"https:\/\/www.t-online.de\/region\/koeln\/\" data-sctrack=\"BodyAnchor\" target=\"_blank\" rel=\"noopener\">K\u00f6ln<\/a> wird wechselhaft: Am Montag k\u00f6nnen einzelne Schauer und kurze Gewitter \u00fcber die Domstadt ziehen, da sich die Wetterfront vom Norden und Nordwesten Nordrhein-Westfalens bis in die Landesmitte ausbreitet. Der Deutsche Wetterdienst (DWD) rechnet mit Windb\u00f6en bis 60 km\/h und kleink\u00f6rnigem Hagel.<\/p>\n<p class=\"text-18 leading-17\">Vereinzelt sind auch st\u00fcrmische B\u00f6en um 70 km\/h nicht ausgeschlossen. Gegen Abend beruhigt sich das <a class=\"transition-colors duration-200 cursor-pointer text-inherit no-underline text-salemsfur md:hover:text-magenta md:hover:border-magenta md:focus:text-magenta border-current border-b border-solid break-words\" href=\"https:\/\/www.t-online.de\/wetter\" data-sctrack=\"BodyAnchor\" target=\"_blank\" rel=\"noopener\">Wetter<\/a> wieder. Die H\u00f6chstwerte erreichen in K\u00f6ln 18 bis 21 Grad.<\/p>\n<p class=\"text-18 leading-17\">Die Nacht zum Dienstag bringt Entspannung f\u00fcr die K\u00f6lner: Es bleibt meist klar und trocken bei Tiefstwerten zwischen 10 und 6 Grad. Der Dienstag zeigt sich dann von seiner freundlichen Seite \u2013 heiter bis sonnig und \u00fcberwiegend niederschlagsfrei. Die Temperaturen klettern auf angenehme 22 bis 26 Grad. Erst zum Abend hin k\u00f6nnen auch in K\u00f6ln vereinzelt Schauer oder Gewitter aufziehen.<\/p>\n<p class=\"text-18 leading-17\">Am Mittwoch kehrt das wechselhafte Wetter in die Domstadt zur\u00fcck: Gebietsweise sind wieder Schauer m\u00f6glich. Die Temperaturen bewegen sich zwischen 19 und 23 Grad.<\/p>\n","protected":false},"excerpt":{"rendered":"Bis 21 Grad Gewitter und Schauer zum Wochenstart in K\u00f6ln 02.06.2025 &#8211; 06:45 UhrLesedauer: 1 Min. Regentropfen auf&hellip;\n","protected":false},"author":2,"featured_media":158424,"comment_status":"","ping_status":"","sticky":false,"template":"","format":"standard","meta":{"footnotes":""},"categories":[1828],"tags":[3176,29,3148,4906,30,19634,1420,2029,1209,55465,5206,52180],"class_list":{"0":"post-158423","1":"post","2":"type-post","3":"status-publish","4":"format-standard","5":"has-post-thumbnail","7":"category-koeln","8":"tag-3176","9":"tag-deutschland","10":"tag-domstadt","11":"tag-dwd","12":"tag-germany","13":"tag-gewitter","14":"tag-koeln","15":"tag-koelner-dom","16":"tag-nordrhein-westfalen","17":"tag-regentropfen","18":"tag-rhein","19":"tag-wochenmitte"},"share_on_mastodon":{"url":"https:\/\/pubeurope.com\/@de\/114611985076997330","error":""},"_links":{"self":[{"href":"https:\/\/www.europesays.com\/de\/wp-json\/wp\/v2\/posts\/158423","targetHints":{"allow":["GET"]}}],"collection":[{"href":"https:\/\/www.europesays.com\/de\/wp-json\/wp\/v2\/posts"}],"about":[{"href":"https:\/\/www.europesays.com\/de\/wp-json\/wp\/v2\/types\/post"}],"author":[{"embeddable":true,"href":"https:\/\/www.europesays.com\/de\/wp-json\/wp\/v2\/users\/2"}],"replies":[{"embeddable":true,"href":"https:\/\/www.europesays.com\/de\/wp-json\/wp\/v2\/comments?post=158423"}],"version-history":[{"count":0,"href":"https:\/\/www.europesays.com\/de\/wp-json\/wp\/v2\/posts\/158423\/revisions"}],"wp:featuredmedia":[{"embeddable":true,"href":"https:\/\/www.europesays.com\/de\/wp-json\/wp\/v2\/media\/158424"}],"wp:attachment":[{"href":"https:\/\/www.europesays.com\/de\/wp-json\/wp\/v2\/media?parent=158423"}],"wp:term":[{"taxonomy":"category","embeddable":true,"href":"https:\/\/www.europesays.com\/de\/wp-json\/wp\/v2\/categories?post=158423"},{"taxonomy":"post_tag","embeddable":true,"href":"https:\/\/www.europesays.com\/de\/wp-json\/wp\/v2\/tags?post=158423"}],"curies":[{"name":"wp","href":"https:\/\/api.w.org\/{rel}","templated":true}]}}