{"id":158427,"date":"2025-06-02T04:55:10","date_gmt":"2025-06-02T04:55:10","guid":{"rendered":"https:\/\/www.europesays.com\/de\/158427\/"},"modified":"2025-06-02T04:55:10","modified_gmt":"2025-06-02T04:55:10","slug":"wolken-und-regen-am-montag","status":"publish","type":"post","link":"https:\/\/www.europesays.com\/de\/158427\/","title":{"rendered":"Wolken und Regen am Montag"},"content":{"rendered":"<p>Prognose und Unwetterwarnung <\/p>\n<p>Grauer, nasser Wochenstart in M\u00fcnchen<\/p>\n<p>02.06.2025 &#8211; 06:00 UhrLesedauer: 2 Min.<\/p>\n<p class=\"font-bold text-18 leading-17\"><strong class=\"font-bold\">Gibt es heute Sonne, Regen oder Sturm in M\u00fcnchen? Hier finden Sie die Wettervorhersage und Unwetterwarnungen f\u00fcr Bayerns Landeshauptstadt.<\/strong><\/p>\n<p class=\"text-18 leading-17\">Am Montag zeigt sich das Wetter in M\u00fcnchen grau und nass. Bereits am Vormittag beginnt es leicht zu regnen, im Tagesverlauf nehmen Intensit\u00e4t und H\u00e4ufigkeit der Schauer zu. Der Tag startet mit dichter Bew\u00f6lkung, Temperaturen um 17 bis 18 Grad und m\u00e4\u00dfigem Wind aus S\u00fcdwest mit B\u00f6en bis zu 28 km\/h. Sichtweiten liegen bei rund 40 Kilometern.<\/p>\n<p class=\"text-18 leading-17\">Im Laufe des Vormittags steigen die Temperaturen leicht auf 22 Grad an. Trotz einiger sonniger Abschnitte bleibt es laut Vorhersage unbest\u00e4ndig mit leichtem bis m\u00e4\u00dfigem Regen. Eine amtliche Unwetterwarnung liegt laut DWD f\u00fcr M\u00fcnchen und den Landkreis aktuell nicht vor.<\/p>\n<p class=\"text-18 leading-17\">Am Nachmittag verst\u00e4rken sich die Niederschl\u00e4ge \u2013 mit bis zu 1,7 Litern pro Quadratmeter und einer Regenwahrscheinlichkeit von \u00fcber 60 Prozent. Die Temperaturen fallen dabei leicht auf etwa 18 Grad. Der Wind bleibt sp\u00fcrbar, besonders in B\u00f6en, die bis zu 28 km\/h erreichen k\u00f6nnen. Auch am Abend soll es regnerisch bleiben.<\/p>\n<p class=\"text-18 leading-17\">In der Nacht auf Dienstag bleibt es bew\u00f6lkt und nass bei Tiefstwerten um 14 Grad. Der Wind weht weiterhin schwach bis m\u00e4\u00dfig, die Sicht ist teilweise eingeschr\u00e4nkt. Eine Wetterberuhigung ist in der Nacht nicht zu erwarten.<\/p>\n<p class=\"text-18 leading-17\">Der Dienstag bringt laut DWD-Prognose kaum Wetterbesserung. Es bleibt stark bew\u00f6lkt mit anhaltenden Schauern, die Tagesh\u00f6chstwerte liegen um 23 Grad. Den Meteorologen zufolge sind in Bayern Gewitter m\u00f6glich. Auch am Mittwoch soll sich das wechselhafte Wetter fortsetzen \u2013 es bleibt k\u00fchl und regnerisch. Verbreitet erwartet der DWD Schauer oder Gewitter in Bayern.<\/p>\n<p class=\"text-18 leading-17\">Das aktuelle Wetter f\u00fcr M\u00fcnchen heute und in den kommenden Tagen finden Sie immer auf <a class=\"transition-colors duration-200 cursor-pointer text-inherit no-underline text-salemsfur md:hover:text-magenta md:hover:border-magenta md:focus:text-magenta border-current border-b border-solid break-words\" href=\"https:\/\/www.t-online.de\/wetter\/deutschland\/muenchen\/jd138hq576\/wetter-heute\" data-sctrack=\"BodyAnchor\" target=\"_blank\" rel=\"noopener\">der t-online-Wetterseite<\/a> oder in unserem Video oben.<\/p>\n","protected":false},"excerpt":{"rendered":"Prognose und Unwetterwarnung Grauer, nasser Wochenstart in M\u00fcnchen 02.06.2025 &#8211; 06:00 UhrLesedauer: 2 Min. Gibt es heute Sonne,&hellip;\n","protected":false},"author":2,"featured_media":158428,"comment_status":"","ping_status":"","sticky":false,"template":"","format":"standard","meta":{"footnotes":""},"categories":[1827],"tags":[722,772,29,30,3366,3467,1268,2256,2257],"class_list":{"0":"post-158427","1":"post","2":"type-post","3":"status-publish","4":"format-standard","5":"has-post-thumbnail","7":"category-muenchen","8":"tag-722","9":"tag-bayern","10":"tag-deutschland","11":"tag-germany","12":"tag-isar","13":"tag-landeshauptstadt","14":"tag-muenchen","15":"tag-wetterausblick","16":"tag-wetterlage"},"share_on_mastodon":{"url":"https:\/\/pubeurope.com\/@de\/114611992900168660","error":""},"_links":{"self":[{"href":"https:\/\/www.europesays.com\/de\/wp-json\/wp\/v2\/posts\/158427","targetHints":{"allow":["GET"]}}],"collection":[{"href":"https:\/\/www.europesays.com\/de\/wp-json\/wp\/v2\/posts"}],"about":[{"href":"https:\/\/www.europesays.com\/de\/wp-json\/wp\/v2\/types\/post"}],"author":[{"embeddable":true,"href":"https:\/\/www.europesays.com\/de\/wp-json\/wp\/v2\/users\/2"}],"replies":[{"embeddable":true,"href":"https:\/\/www.europesays.com\/de\/wp-json\/wp\/v2\/comments?post=158427"}],"version-history":[{"count":0,"href":"https:\/\/www.europesays.com\/de\/wp-json\/wp\/v2\/posts\/158427\/revisions"}],"wp:featuredmedia":[{"embeddable":true,"href":"https:\/\/www.europesays.com\/de\/wp-json\/wp\/v2\/media\/158428"}],"wp:attachment":[{"href":"https:\/\/www.europesays.com\/de\/wp-json\/wp\/v2\/media?parent=158427"}],"wp:term":[{"taxonomy":"category","embeddable":true,"href":"https:\/\/www.europesays.com\/de\/wp-json\/wp\/v2\/categories?post=158427"},{"taxonomy":"post_tag","embeddable":true,"href":"https:\/\/www.europesays.com\/de\/wp-json\/wp\/v2\/tags?post=158427"}],"curies":[{"name":"wp","href":"https:\/\/api.w.org\/{rel}","templated":true}]}}