{"id":158439,"date":"2025-06-02T05:01:12","date_gmt":"2025-06-02T05:01:12","guid":{"rendered":"https:\/\/www.europesays.com\/de\/158439\/"},"modified":"2025-06-02T05:01:12","modified_gmt":"2025-06-02T05:01:12","slug":"in-berlin-faellt-das-jubeln-gerade-nicht-leicht","status":"publish","type":"post","link":"https:\/\/www.europesays.com\/de\/158439\/","title":{"rendered":"In Berlin f\u00e4llt das Jubeln gerade nicht leicht"},"content":{"rendered":"<p class=\"tspBYlv tspBYlw\">Wie viel Energie, wie viel Zeit und Mu\u00dfe floss in diesen Wissenschaftswettbewerb! Und wie schnell verpufft der Zauber nach der Entscheidung. Am 22. Mai wurden die Exzellenzcluster der n\u00e4chsten F\u00f6rderrunde bekannt gegeben, auf die die Universit\u00e4ten \u2013 und vor allem ihre Wissenschaftler:innen \u2013 seit vielen Monaten mit unglaublich viel Einsatz zugearbeitet haben.<\/p>\n<p><img decoding=\"async\" src=\"https:\/\/www.europesays.com\/de\/wp-content\/uploads\/2025\/06\/jule-specht-portrat.jpeg\"   alt=\"\" width=\"767\" height=\"767\" loading=\"lazy\" class=\"tspAThr\"\/><\/p>\n<p class=\"tspCJn4\"><strong>Jule Specht<\/strong> Jule Specht ist Psychologin und Professorin an der Humboldt-Universit\u00e4t. Au\u00dferdem ist sie hochschulpolitisch engagiert und setzt sich beispielsweise f\u00fcr die Belange von Postdoktorand:innen ein. Specht ist zudem eine von vier Kolumnist:innen des Tagesspiegels auf den Seiten der Wissenschaft in Berlin \u2013 in der Kolumne \u201eVom Campus\u201c.<\/p>\n<p class=\"tspBYlv\">In Berlin f\u00e4llt das Jubeln gerade nicht leicht, ist das Ergebnis doch l\u00e4ngst nicht so glamour\u00f6s wie noch in der letzten Runde. Obwohl dieses Mal insgesamt deutlich mehr Cluster gef\u00f6rdert werden (70 statt bisher 57), musste Berlin Federn lassen: Weniger als die H\u00e4lfte der bisherigen Cluster werden weiter gef\u00f6rdert. <a href=\"https:\/\/www.tagesspiegel.de\/wissen\/verstandnis-von-medizin-revolutionieren-neue-ansatze-der-charite-wettbewerb-12037673.html?icid=in-text-link_13779139\" class=\"link link--internal\" data-gtm-class=\"article-text-link\" data-gtm-val=\"internal\" target=\"_blank\" rel=\"noopener\">Daf\u00fcr kommen zwei neue dazu<\/a>, insgesamt sind es hier nun f\u00fcnf statt sieben Cluster.<\/p>\n<p><a href=\"https:\/\/www.tagesspiegel.de\/wissen\/naturlich-waren-wir-nicht-wahnsinnig-begeistert-so-reagiert-das-wissenschaftliche-berlin-auf-den-abstieg-im-exzellenzwettbewerb-13742833.html?icid=single-topic_13779139___\" data-gtm-class=\"article-mzt-link\" class=\"tspB5mf\" target=\"_blank\" rel=\"noopener\">\u201eNat\u00fcrlich waren wir nicht wahnsinnig begeistert\u201c So reagiert das wissenschaftliche Berlin auf den Abstieg im Exzellenzwettbewerb <\/a><\/p>\n<p class=\"tspBYlv\">Die TU Berlin tr\u00e4gt dazu nur ein Cluster bei, dabei war sie mit vier Antr\u00e4gen in die Endrunde gekommen.<a href=\"https:\/\/www.tagesspiegel.de\/wissen\/entscheidung-im-exzellenzwettbewerb-nur-noch-funf-projekte-bekommen-die-millionenforderung-13735444.html?icid=in-text-link_13779139\" class=\"link link--internal\" data-gtm-class=\"article-text-link\" data-gtm-val=\"internal\" target=\"_blank\" rel=\"noopener\"> Damit wird Berlin von seinem Lieblingsrivalen, dem Wissenschaftsstandort M\u00fcnchen, \u00fcberholt<\/a>, ebenso von den vergleichsweise kleinen Universit\u00e4tsst\u00e4dten Bonn und T\u00fcbingen.<\/p>\n<p> Mehr \u201eVom Campus\u201c <a href=\"https:\/\/www.tagesspiegel.de\/wissen\/aus-sorge-vor-ernsthaften-problemen-meine-forschungskollegen-canceln-ihre-usa-reisen-13591984.html?icid=topic-list_13779139___\" data-gtm-class=\"article-mzt-link\" class=\"tspB5mf\" target=\"_blank\" rel=\"noopener\">Aus Sorge vor ernsthaften Problemen Meine Forschungskollegen canceln ihre USA-Reisen <\/a><a href=\"https:\/\/www.tagesspiegel.de\/wissen\/wohnungsnot-zum-semesterstart-studieren-wird-immer-exklusiver--es-braucht-eine-wende-13530034.html?icid=topic-list_13779139___\" data-gtm-class=\"article-mzt-link\" class=\"tspB5mf\" target=\"_blank\" rel=\"noopener\">Wohnungsnot zum Semesterstart Studieren wird immer exklusiver \u2013 es braucht eine Wende! <\/a><a href=\"https:\/\/www.tagesspiegel.de\/wissen\/widerstand-gegen-trump-harvard-prasident-alan-garber-ist-ein-vorbild-13747822.html?icid=topic-list_13779139___\" data-gtm-class=\"article-mzt-link\" class=\"tspB5mf\" target=\"_blank\" rel=\"noopener\">Widerstand gegen Trump Harvard-Pr\u00e4sident Alan Garber ist ein Vorbild  <\/a><\/p>\n<p class=\"tspBYlv\">Aber auch f\u00fcnf bewilligte Cluster sind nat\u00fcrlich f\u00fcnf Gr\u00fcnde, zu jubeln. Und dass Berlin \u00fcberhaupt mit so vielen Antr\u00e4gen ins Rennen ging, zeigt ja, dass es hier vor Ideen und kooperationsfreudigen Forschenden nur so sprudelt.<\/p>\n<p class=\"tspSdi\">Empfohlener redaktioneller Inhalt<\/p>\n<p> An dieser Stelle finden Sie einen von unseren Redakteuren ausgew\u00e4hlten, externen Inhalt, der den Artikel f\u00fcr Sie mit zus\u00e4tzlichen Informationen anreichert. Sie k\u00f6nnen sich hier den externen Inhalt mit einem Klick anzeigen lassen oder wieder ausblenden. <\/p>\n<p> Externen Inhalt anzeigen <\/p>\n<p class=\"tspSdo\"> Ich bin damit einverstanden, dass mir der externe Inhalt angezeigt wird. Damit k\u00f6nnen personenbezogene Daten an Drittplattformen \u00fcbermittelt werden.  Mehr Informationen dazu erhalten Sie in den Datenschutz-Einstellungen. Diese finden Sie ganz unten auf unserer Seite im Footer, sodass Sie Ihre Einstellungen jederzeit verwalten oder widerrufen k\u00f6nnen. <\/p>\n<p><a href=\"https:\/\/www.tagesspiegel.de\/wissen\/berlin-droht-der-abstieg-in-die-provinzialitat-kunsthochschulen-sehen-wegen-sparkurs-kulturmetropole-berlin-gefahrdet-13717087.html?icid=single-topic_13779139___\" data-gtm-class=\"article-mzt-link\" class=\"tspB5mf\" target=\"_blank\" rel=\"noopener\">\u201eBerlin droht der Abstieg in die Provinzialit\u00e4t\u201c Kunsthochschulen sehen wegen Sparkurs Kulturmetropole Berlin gef\u00e4hrdet <\/a><\/p>\n<p class=\"tspBYlv\">Gleichzeitig sollte das Zur\u00fcckbleiben vor den (zugegeben hohen) Erwartungen eigentlich ein Anlass sein, um sich zu fragen, was M\u00fcnchen, Bonn und T\u00fcbingen besser gemacht haben <a href=\"https:\/\/www.tagesspiegel.de\/wissen\/kurzungen-bei-den-berliner-hochschulen-einsparungen-2025-fallen-noch-deutlich-hoher-aus-13717615.html?icid=in-text-link_13779139\" class=\"link link--internal\" data-gtm-class=\"article-text-link\" data-gtm-val=\"internal\" target=\"_blank\" rel=\"noopener\">als die Hauptstadt<\/a>. Wie gelingt es der Uni Bonn mit lediglich 700 Professuren und der Uni T\u00fcbingen mit weniger als 600 Professuren, einen Wissenschaftsstandort wie Berlin mit doppelt so viel Personal abzuh\u00e4ngen?\u00a0<\/p>\n<p class=\"tspBYlv\">Nur: Zeit zum Innehalten bleibt nicht, denn in zwei Monaten folgt schon die n\u00e4chste Frist: f\u00fcr die Evaluation des <a href=\"https:\/\/www.tagesspiegel.de\/wissen\/der-wichtigste-wettbewerb-fur-hochschulen-in-deutschland-darum-geht-es-in-der-exzellenzstrategie-13426519.html?icid=in-text-link_13779139\" class=\"link link--internal\" data-gtm-class=\"article-text-link\" data-gtm-val=\"internal\" target=\"_blank\" rel=\"noopener\">Exzellenz-Verbunds<\/a>. Also schnell den Sekt hinunterst\u00fcrzen und dann wieder die \u00c4rmel hochkrempeln.<\/p>\n","protected":false},"excerpt":{"rendered":"Wie viel Energie, wie viel Zeit und Mu\u00dfe floss in diesen Wissenschaftswettbewerb! Und wie schnell verpufft der Zauber&hellip;\n","protected":false},"author":2,"featured_media":158440,"comment_status":"","ping_status":"","sticky":false,"template":"","format":"standard","meta":{"footnotes":""},"categories":[1825],"tags":[3802,296,2767,29,47036,47037,5556,30,55483,5557],"class_list":{"0":"post-158439","1":"post","2":"type-post","3":"status-publish","4":"format-standard","5":"has-post-thumbnail","7":"category-berlin","8":"tag-studenten","9":"tag-berlin","10":"tag-berliner-wissenschaft","11":"tag-deutschland","12":"tag-exzellenzforschung","13":"tag-exzellenzwettbewerb","14":"tag-forschungspolitik","15":"tag-germany","16":"tag-vom-campus","17":"tag-wissenschaftspolitik"},"share_on_mastodon":{"url":"https:\/\/pubeurope.com\/@de\/114612016775780849","error":""},"_links":{"self":[{"href":"https:\/\/www.europesays.com\/de\/wp-json\/wp\/v2\/posts\/158439","targetHints":{"allow":["GET"]}}],"collection":[{"href":"https:\/\/www.europesays.com\/de\/wp-json\/wp\/v2\/posts"}],"about":[{"href":"https:\/\/www.europesays.com\/de\/wp-json\/wp\/v2\/types\/post"}],"author":[{"embeddable":true,"href":"https:\/\/www.europesays.com\/de\/wp-json\/wp\/v2\/users\/2"}],"replies":[{"embeddable":true,"href":"https:\/\/www.europesays.com\/de\/wp-json\/wp\/v2\/comments?post=158439"}],"version-history":[{"count":0,"href":"https:\/\/www.europesays.com\/de\/wp-json\/wp\/v2\/posts\/158439\/revisions"}],"wp:featuredmedia":[{"embeddable":true,"href":"https:\/\/www.europesays.com\/de\/wp-json\/wp\/v2\/media\/158440"}],"wp:attachment":[{"href":"https:\/\/www.europesays.com\/de\/wp-json\/wp\/v2\/media?parent=158439"}],"wp:term":[{"taxonomy":"category","embeddable":true,"href":"https:\/\/www.europesays.com\/de\/wp-json\/wp\/v2\/categories?post=158439"},{"taxonomy":"post_tag","embeddable":true,"href":"https:\/\/www.europesays.com\/de\/wp-json\/wp\/v2\/tags?post=158439"}],"curies":[{"name":"wp","href":"https:\/\/api.w.org\/{rel}","templated":true}]}}