{"id":158514,"date":"2025-06-02T05:41:17","date_gmt":"2025-06-02T05:41:17","guid":{"rendered":"https:\/\/www.europesays.com\/de\/158514\/"},"modified":"2025-06-02T05:41:17","modified_gmt":"2025-06-02T05:41:17","slug":"musk-nicht-fuer-alle-trump-entscheidungen-verantwortlich","status":"publish","type":"post","link":"https:\/\/www.europesays.com\/de\/158514\/","title":{"rendered":"Musk: Nicht f\u00fcr alle Trump-Entscheidungen verantwortlich"},"content":{"rendered":"<p>Newsblog zur US-Politik <\/p>\n<p>Musk: Nicht f\u00fcr alle Entscheidungen Trumps verantwortlich<\/p>\n<p>Aktualisiert am 02.06.2025 &#8211; 06:57 UhrLesedauer: 14 Min.<\/p>\n<p><a href=\"#focus-0\" class=\"transition-colors duration-200 focus-within:text-magenta block text-current relative\" data-sctrack=\"FocusGalleryImage.Reference\"><img fetchpriority=\"high\" data-testid=\"Opener.Image\" style=\"--lqipURL:url('https:\/\/images.t-online.de\/2025\/06\/mAR3ZqqVi-08\/0x59:4000x2250\/fit-in\/150x0\/filters:blur(25)\/elon-musk-and-president-donald-trump-hold-a-press-conference-in-the-oval-office-at-the-white-house-in-washington-dc-on-friday-may-30-2025-publicationxinxgerxsuixautxhunxonly-wax20250530205-francisxchung.jpg')\"   loading=\"eager\" src=\"https:\/\/www.europesays.com\/de\/wp-content\/uploads\/2025\/06\/elon-musk-and-president-donald-trump-hold-a-press-conference-in-the-oval-office-at-the-white-house-i.jpeg\" alt=\"imago images 0821032687\" title=\"imago images 0821032687\" width=\"4000\" height=\"2250\" class=\"bg-[url:var(--lqipURL)] bg-cover bg-center flex w-full max-w-full h-full\" decoding=\"async\"\/><img style=\"--width:32;--height:32\" loading=\"lazy\" src=\"https:\/\/www.europesays.com\/de\/wp-content\/uploads\/2025\/05\/zoom-in.f7dae02f.svg.svg+xml\" alt=\"Vergr\u00f6\u00dfern des Bildes\" title=\"Vergr\u00f6\u00dfern des Bildes\" class=\"&#10;        block&#10;        h-[calc(var(--height)_\/_16_*_1rem)]&#10;        w-[calc(var(--width)_\/_16_*_1rem)]&#10;        max-w-none&#10;        absolute bottom-8 right-8 rounded-4 bg-snow p-8\" decoding=\"async\"\/><\/a><\/p>\n<p>Elon Musk: Der Techmilliard\u00e4r ist aus seinem Beraterjob bei US-Pr\u00e4sident Donald Trump ausgeschieden. (Quelle: IMAGO\/Francis Chung\/imago)<\/p>\n<p><a rel=\"nofollow noopener\" target=\"_blank\" class=\"transition-colors duration-200 cursor-pointer text-inherit no-underline text-black bg-whitelilac rounded-8 grid items-center group py-[6px] px-8 text-12 hover:bg-magenta hover:text-whitelilac gap-8 grid-cols-[min-content_34px] hover:dark:text-salemsfur\" href=\"https:\/\/news.google.com\/publications\/CAAiEIJQzYzeY7hM4UzfQTU6gT8qFAgKIhCCUM2M3mO4TOFM30E1OoE_\/sections\/CAQqKggAIhCCUM2M3mO4TOFM30E1OoE_KhQICiIQglDNjN5juEzhTN9BNTqBPzDJh8gG?hl=de&amp;gl=DE&amp;ceid=DE%3Ade\" aria-label=\"Auf Google News folgen\">News folgen<\/a><img style=\"--width:16;--height:16\" loading=\"lazy\" src=\"https:\/\/www.europesays.com\/de\/wp-content\/uploads\/2025\/04\/sharing-menu-icon.1eb71368.svg.svg+xml\" alt=\"Teilen Menu auf machen\" title=\"Teilen Menu auf machen\" class=\"&#10;        block&#10;        h-[calc(var(--height)_\/_16_*_1rem)]&#10;        w-[calc(var(--width)_\/_16_*_1rem)]&#10;        max-w-none&#10;        group-hover:invert group-hover:grayscale group-hover:contrast-200 dark:group-hover:invert dark:contrast-200 dark:grayscale dark:invert\" decoding=\"async\"\/>Artikel teilen<\/p>\n<p class=\"font-bold text-18 leading-17\">US-Verteidigungsminister Hegseth appelliert an die asiatischen Verb\u00fcndeten. Musk sieht mit Trump Meinungsunterschiede. Alle Entwicklungen im Newsblog.<\/p>\n<p class=\"text-18 leading-17\">Der Tech-Milliard\u00e4r <a class=\"transition-colors duration-200 cursor-pointer text-inherit no-underline text-salemsfur md:hover:text-magenta md:hover:border-magenta md:focus:text-magenta border-current border-b border-solid break-words\" href=\"https:\/\/www.t-online.de\/themen\/elon-musk\/\" data-sctrack=\"BodyAnchor\" rel=\"nofollow noopener\" target=\"_blank\">Elon Musk<\/a>, dessen Zeit als Sonderbeauftragter der US-Regierung am Freitag endete, sagte in einem Interview am Sonntag, dass er nicht die Verantwortung f\u00fcr alle Handlungen der Trump-Regierung \u00fcbernehmen wolle. In einem Gespr\u00e4ch mit CBS News\u2019 &#8222;Sunday Morning&#8220; erkl\u00e4rte Musk, dass er mit einigen Entscheidungen von Pr\u00e4sident Trump nicht einverstanden sei \u2013 auch wenn er z\u00f6gerte, n\u00e4her darauf einzugehen, da dies seiner Meinung nach &#8222;Z\u00fcndstoff&#8220; liefern k\u00f6nnte.<\/p>\n<p class=\"text-18 leading-17\">&#8222;Es ist ja nicht so, dass ich mit allem einverstanden bin, was die Regierung macht&#8220;, betonte Musk im Interview. &#8222;Ich stimme vielem zu, was die Regierung macht, aber es gibt Meinungsunterschiede. Es gibt Dinge, mit denen ich nicht v\u00f6llig \u00fcbereinstimme.&#8220; &#8222;Aber es ist f\u00fcr mich schwierig, das in einem Interview anzusprechen, weil das dann zu einem Streitpunkt wird&#8220;, f\u00fcgte Musk hinzu. &#8222;Also bin ich in einer etwas schwierigen Lage, in der ich denke: &#8218;Nun, ich m\u00f6chte nicht gegen die Regierung sprechen, aber ich m\u00f6chte auch nicht die Verantwortung f\u00fcr alles \u00fcbernehmen, was diese Regierung tut'&#8220;, sagte er weiter.<\/p>\n<p class=\"text-18 leading-17\">Der von US-Pr\u00e4sident <a class=\"transition-colors duration-200 cursor-pointer text-inherit no-underline text-salemsfur md:hover:text-magenta md:hover:border-magenta md:focus:text-magenta border-current border-b border-solid break-words\" href=\"https:\/\/www.t-online.de\/themen\/donald-trump\/\" data-sctrack=\"BodyAnchor\" rel=\"nofollow noopener\" target=\"_blank\">Donald Trump<\/a> als neuer Chef der Raumfahrtbeh\u00f6rde Nasa vorgeschlagene Milliard\u00e4r und Weltraumtourist Jared Isaacman soll den Posten nun doch nicht \u00fcbernehmen. Er habe die Nominierung des 42-J\u00e4hrigen &#8222;nach einer gr\u00fcndlichen \u00dcberpr\u00fcfung fr\u00fcherer Verbindungen&#8220; zur\u00fcckgezogen, teilte Trump \u00fcber seine Onlineplattform <a class=\"transition-colors duration-200 cursor-pointer text-inherit no-underline text-salemsfur md:hover:text-magenta md:hover:border-magenta md:focus:text-magenta border-current border-b border-solid break-words\" href=\"https:\/\/www.t-online.de\/themen\/truth-social\/\" data-sctrack=\"BodyAnchor\" rel=\"nofollow noopener\" target=\"_blank\">Truth Social<\/a> mit. Er werde bald einen neuen Kandidaten bekannt geben, der &#8222;Amerika im Weltraum an die erste Stelle setzen wird&#8220;. <a class=\"transition-colors duration-200 cursor-pointer text-inherit no-underline text-salemsfur md:hover:text-magenta md:hover:border-magenta md:focus:text-magenta border-current border-b border-solid break-words\" href=\"https:\/\/www.t-online.de\/nachrichten\/ausland\/usa\/id_100748562\/usa-trump-will-musk-freund-jared-isaacman-doch-nicht-als-nasa-chef.html\" data-sctrack=\"BodyAnchor\" rel=\"nofollow noopener\" target=\"_blank\">Mehr dazu lesen Sie hier<\/a>.<\/p>\n<p class=\"text-18 leading-17\"><a class=\"transition-colors duration-200 cursor-pointer text-inherit no-underline text-salemsfur md:hover:text-magenta md:hover:border-magenta md:focus:text-magenta border-current border-b border-solid break-words\" href=\"https:\/\/www.t-online.de\/themen\/china\/\" data-sctrack=\"BodyAnchor\" rel=\"nofollow noopener\" target=\"_blank\">China<\/a> hat den Aufruf von US-Verteidigungsminister Pete Hegseth an die Verb\u00fcndeten im Indopazifik zu mehr Ausgaben f\u00fcr die eigene Verteidigung kritisiert. Die \u00c4u\u00dferungen seien &#8222;verunglimpfend&#8220;, &#8222;bedauerlich&#8220; und &#8222;darauf ausgerichtet, Spaltung zu s\u00e4en&#8220;, teilte das chinesische Au\u00dfenministerium mit.<\/p>\n<p class=\"text-18 leading-17\">&#8222;Hegseth ignorierte absichtlich den Aufruf der L\u00e4nder in der Region zu Frieden und Entwicklung und warb stattdessen mit der Mentalit\u00e4t des Kalten Krieges f\u00fcr eine Blockkonfrontation, verunglimpfte China mit diffamierenden Behauptungen und nannte China f\u00e4lschlicherweise eine &#8218;Bedrohung'&#8220;, schrieb das Ministerium auf seiner Webseite. &#8222;Die Vereinigten Staaten haben Offensivwaffen im S\u00fcdchinesischen Meer stationiert und sch\u00fcren weiterhin die Spannungen im asiatisch-pazifischen Raum, die die Region in ein Pulverfass verwandeln&#8220;, hie\u00df es in der Erkl\u00e4rung der Beh\u00f6rde.<\/p>\n<p class=\"text-18 leading-17\">Der Transatlantik-Koordinator der <a class=\"transition-colors duration-200 cursor-pointer text-inherit no-underline text-salemsfur md:hover:text-magenta md:hover:border-magenta md:focus:text-magenta border-current border-b border-solid break-words\" href=\"https:\/\/www.t-online.de\/themen\/bundesregierung\/\" data-sctrack=\"BodyAnchor\" rel=\"nofollow noopener\" target=\"_blank\">Bundesregierung<\/a>, Metin Hakverdi (SPD), erhofft sich von dem ersten pers\u00f6nlichen Gespr\u00e4ch zwischen Bundeskanzler <a class=\"transition-colors duration-200 cursor-pointer text-inherit no-underline text-salemsfur md:hover:text-magenta md:hover:border-magenta md:focus:text-magenta border-current border-b border-solid break-words\" href=\"https:\/\/www.t-online.de\/themen\/friedrich-merz\/\" data-sctrack=\"BodyAnchor\" rel=\"nofollow noopener\" target=\"_blank\">Friedrich Merz<\/a> (CDU) und US-Pr\u00e4sident Donald Trump die Grundlage f\u00fcr ein gutes Verh\u00e4ltnis zwischen beiden Staatsm\u00e4nnern. &#8222;W\u00fcnschenswert w\u00e4re es, wenn der Kanzler und der US-Pr\u00e4sident bei diesem ersten Treffen einen guten pers\u00f6nlichen Draht zueinander entwickeln k\u00f6nnten&#8220;, sagte Hakverdi dem &#8222;Tagesspiegel&#8220;.<\/p>\n<p class=\"text-18 leading-17\">Man d\u00fcrfe aber von dem f\u00fcr Donnerstag angek\u00fcndigten Termin im Wei\u00dfen Haus &#8222;nicht zu viel erwarten&#8220;. &#8222;Daf\u00fcr ist der US-Pr\u00e4sident zu unberechenbar.&#8220; Hakverdi h\u00e4lt es f\u00fcr m\u00f6glich, dass Merz Trump &#8222;im besten Fall&#8220; f\u00fcr &#8222;eine gemeinsame Friedensinitiative f\u00fcr die <a class=\"transition-colors duration-200 cursor-pointer text-inherit no-underline text-salemsfur md:hover:text-magenta md:hover:border-magenta md:focus:text-magenta border-current border-b border-solid break-words\" href=\"https:\/\/www.t-online.de\/themen\/ukraine\/\" data-sctrack=\"BodyAnchor\" rel=\"nofollow noopener\" target=\"_blank\">Ukraine<\/a> gewinnen kann&#8220;.<\/p>\n<p class=\"text-18 leading-17\">Tech-Milliard\u00e4r Elon Musk hat einen Bericht \u00fcber angeblichen Drogenkonsum w\u00e4hrend des Wahlkampfs 2024 mit Nachdruck zur\u00fcckgewiesen. &#8222;Um es klarzustellen, ich nehme keine Drogen&#8220;, erkl\u00e4rte Musk am Samstag im Onlinedienst X zu einem Bericht der &#8222;New York Times&#8220;, wobei er das Wort &#8222;keine&#8220; mit Gro\u00dfbuchstaben hervorhob. Die Zeitung griff Musk scharf an: &#8222;Die &#8218;New York Times&#8216; hat sich den Arsch abgelogen.&#8220;<\/p>\n<p class=\"text-18 leading-17\">Der Bericht hatte am Freitag in <a class=\"transition-colors duration-200 cursor-pointer text-inherit no-underline text-salemsfur md:hover:text-magenta md:hover:border-magenta md:focus:text-magenta border-current border-b border-solid break-words\" href=\"https:\/\/www.t-online.de\/themen\/washington\/\" data-sctrack=\"BodyAnchor\" rel=\"nofollow noopener\" target=\"_blank\">Washington<\/a> Wirbel ausgel\u00f6st. Kurz vor einem gemeinsamen Auftritt von Musk mit US-Pr\u00e4sident Donald Trump im Wei\u00dfen Haus berichtete die Zeitung, der Tesla- und SpaceX-Chef habe w\u00e4hrend des Wahlkampfs 2024 so viel Ketamin eingenommen, dass er dadurch Blasenprobleme bekommen habe. Unklar war, ob er auch w\u00e4hrend seiner T\u00e4tigkeit als Trumps Berater Drogen nahm.<\/p>\n<p class=\"text-18 leading-17\">Musk \u00e4u\u00dferte sich nun dazu mit den Worten, er habe vor einigen Jahren &#8222;verschreibungspflichtiges&#8220; Ketamin ausprobiert. Dies sei nichts Neues, dazu habe er sich bereits zuvor bei X ge\u00e4u\u00dfert. Zu seiner Ketamin-Einnahme erkl\u00e4rte er: &#8222;Es hilft, um aus dunklen mentalen L\u00f6chern herauszukommen, aber seitdem habe ich es nicht mehr genommen.&#8220;<\/p>\n","protected":false},"excerpt":{"rendered":"Newsblog zur US-Politik Musk: Nicht f\u00fcr alle Entscheidungen Trumps verantwortlich Aktualisiert am 02.06.2025 &#8211; 06:57 UhrLesedauer: 14 Min.&hellip;\n","protected":false},"author":2,"featured_media":158515,"comment_status":"","ping_status":"","sticky":false,"template":"","format":"standard","meta":{"footnotes":""},"categories":[3977],"tags":[1217,326,7797,522,848,331,332,3057,55494,1173,31,227,29,106,433,444,1356,775,13,345,55495,3982,55493,55492,14,10581,15,3129,1614,649,12,698,184,650,3111,4017,4018,4016,64,4019,4020,320],"class_list":{"0":"post-158514","1":"post","2":"type-post","3":"status-publish","4":"format-standard","5":"has-post-thumbnail","7":"category-usa","8":"tag-1217","9":"tag-326","10":"tag-7797","11":"tag-522","12":"tag-aa","13":"tag-aktuelle-nachrichten","14":"tag-aktuelle-news","15":"tag-amerika","16":"tag-beraterjob","17":"tag-bundesregierung","18":"tag-cdu","19":"tag-china","20":"tag-deutschland","21":"tag-donald-trump","22":"tag-drogen","23":"tag-elon-musk","24":"tag-emmanuel-macron","25":"tag-friedrich-merz","26":"tag-headlines","27":"tag-iran","28":"tag-jared-isaacman","29":"tag-kalter-krieg","30":"tag-meinungsunterschied","31":"tag-metin-hakverdi","32":"tag-nachrichten","33":"tag-nasa","34":"tag-news","35":"tag-newsblog","36":"tag-peking","37":"tag-pete-hegseth","38":"tag-schlagzeilen","39":"tag-singapur","40":"tag-spd","41":"tag-taiwan","42":"tag-truth-social","43":"tag-united-states","44":"tag-united-states-of-america","45":"tag-us","46":"tag-usa","47":"tag-vereinigte-staaten","48":"tag-vereinigte-staaten-von-amerika","49":"tag-washington"},"share_on_mastodon":{"url":"","error":"Validation failed: Text character limit of 500 exceeded"},"_links":{"self":[{"href":"https:\/\/www.europesays.com\/de\/wp-json\/wp\/v2\/posts\/158514","targetHints":{"allow":["GET"]}}],"collection":[{"href":"https:\/\/www.europesays.com\/de\/wp-json\/wp\/v2\/posts"}],"about":[{"href":"https:\/\/www.europesays.com\/de\/wp-json\/wp\/v2\/types\/post"}],"author":[{"embeddable":true,"href":"https:\/\/www.europesays.com\/de\/wp-json\/wp\/v2\/users\/2"}],"replies":[{"embeddable":true,"href":"https:\/\/www.europesays.com\/de\/wp-json\/wp\/v2\/comments?post=158514"}],"version-history":[{"count":0,"href":"https:\/\/www.europesays.com\/de\/wp-json\/wp\/v2\/posts\/158514\/revisions"}],"wp:featuredmedia":[{"embeddable":true,"href":"https:\/\/www.europesays.com\/de\/wp-json\/wp\/v2\/media\/158515"}],"wp:attachment":[{"href":"https:\/\/www.europesays.com\/de\/wp-json\/wp\/v2\/media?parent=158514"}],"wp:term":[{"taxonomy":"category","embeddable":true,"href":"https:\/\/www.europesays.com\/de\/wp-json\/wp\/v2\/categories?post=158514"},{"taxonomy":"post_tag","embeddable":true,"href":"https:\/\/www.europesays.com\/de\/wp-json\/wp\/v2\/tags?post=158514"}],"curies":[{"name":"wp","href":"https:\/\/api.w.org\/{rel}","templated":true}]}}