{"id":158548,"date":"2025-06-02T06:02:09","date_gmt":"2025-06-02T06:02:09","guid":{"rendered":"https:\/\/www.europesays.com\/de\/158548\/"},"modified":"2025-06-02T06:02:09","modified_gmt":"2025-06-02T06:02:09","slug":"streit-in-essen-eskaliert-mann-mit-messer-verletzt","status":"publish","type":"post","link":"https:\/\/www.europesays.com\/de\/158548\/","title":{"rendered":"Streit in Essen eskaliert: Mann mit Messer verletzt"},"content":{"rendered":"<p>Mann in Essen mit Messer verletzt<\/p>\n<p>Am Sonntagabend (01. Juni) kam es in Essen im Stadtteil Bergmannsfeld zu einer schweren k\u00f6rperlichen Auseinandersetzung, bei der eine Person durch Messerstiche verletzt wurde. Rettungskr\u00e4fte waren in den Schellingweg gerufen worden: Zwei M\u00e4nner waren in einer Wohnung in einen heftigen Streit geraten. Im Verlauf der Auseinandersetzung soll einer der M\u00e4nner ein Messer gezogen und mehrfach auf sein Gegen\u00fcber eingestochen haben. Das Opfer blieb trotz der Verletzungen bei Bewusstsein und konnte vor Ort von Rettungskr\u00e4ften medizinisch versorgt werden. Anschlie\u00dfend wurde der Mann in ein Krankenhaus gebracht. Die Polizei nahm den Tatverd\u00e4chtigen noch am Tatort fest. Auch die mutma\u00dfliche Tatwaffe, ein Messer, wurde sichergestellt. Die Kriminalpolizei hat die Ermittlungen aufgenommen und pr\u00fcft die Hintergr\u00fcnde der Tat.<\/p>\n<p>Mehr Nachrichten aus Essen<\/p>\n","protected":false},"excerpt":{"rendered":"Mann in Essen mit Messer verletzt Am Sonntagabend (01. Juni) kam es in Essen im Stadtteil Bergmannsfeld zu&hellip;\n","protected":false},"author":2,"featured_media":158549,"comment_status":"","ping_status":"","sticky":false,"template":"","format":"standard","meta":{"footnotes":""},"categories":[1834],"tags":[3275,55224,3364,29,3688,30,2841,1209,121],"class_list":{"0":"post-158548","1":"post","2":"type-post","3":"status-publish","4":"format-standard","5":"has-post-thumbnail","7":"category-essen","8":"tag-lokalnachrichten","9":"tag-bergmannsfeld","10":"tag-de","11":"tag-deutschland","12":"tag-essen","13":"tag-germany","14":"tag-messerangriff","15":"tag-nordrhein-westfalen","16":"tag-polizei"},"share_on_mastodon":{"url":"https:\/\/pubeurope.com\/@de\/114612256454086989","error":""},"_links":{"self":[{"href":"https:\/\/www.europesays.com\/de\/wp-json\/wp\/v2\/posts\/158548","targetHints":{"allow":["GET"]}}],"collection":[{"href":"https:\/\/www.europesays.com\/de\/wp-json\/wp\/v2\/posts"}],"about":[{"href":"https:\/\/www.europesays.com\/de\/wp-json\/wp\/v2\/types\/post"}],"author":[{"embeddable":true,"href":"https:\/\/www.europesays.com\/de\/wp-json\/wp\/v2\/users\/2"}],"replies":[{"embeddable":true,"href":"https:\/\/www.europesays.com\/de\/wp-json\/wp\/v2\/comments?post=158548"}],"version-history":[{"count":0,"href":"https:\/\/www.europesays.com\/de\/wp-json\/wp\/v2\/posts\/158548\/revisions"}],"wp:featuredmedia":[{"embeddable":true,"href":"https:\/\/www.europesays.com\/de\/wp-json\/wp\/v2\/media\/158549"}],"wp:attachment":[{"href":"https:\/\/www.europesays.com\/de\/wp-json\/wp\/v2\/media?parent=158548"}],"wp:term":[{"taxonomy":"category","embeddable":true,"href":"https:\/\/www.europesays.com\/de\/wp-json\/wp\/v2\/categories?post=158548"},{"taxonomy":"post_tag","embeddable":true,"href":"https:\/\/www.europesays.com\/de\/wp-json\/wp\/v2\/tags?post=158548"}],"curies":[{"name":"wp","href":"https:\/\/api.w.org\/{rel}","templated":true}]}}