{"id":158610,"date":"2025-06-02T06:36:15","date_gmt":"2025-06-02T06:36:15","guid":{"rendered":"https:\/\/www.europesays.com\/de\/158610\/"},"modified":"2025-06-02T06:36:15","modified_gmt":"2025-06-02T06:36:15","slug":"nahost-greta-thunberg-auf-segelschiff-unterwegs-in-den-gazastreifen","status":"publish","type":"post","link":"https:\/\/www.europesays.com\/de\/158610\/","title":{"rendered":"Nahost: Greta Thunberg auf Segelschiff unterwegs in den Gazastreifen"},"content":{"rendered":"<p class=\"paragraph article__item\">Die schwedische Klimaaktivistin <a class=\"rtr-entity\" href=\"https:\/\/www.zeit.de\/thema\/greta-thunberg\" target=\"_blank\" rel=\"noopener\">Greta Thunberg<\/a> ist an<br \/>\n Bord eines Segelschiffs in Richtung des <a href=\"https:\/\/www.zeit.de\/thema\/gazastreifen\" class=\"\" target=\"_blank\" rel=\"noopener\">Gazastreifens<\/a> aufgebrochen. Die<br \/>\n22-J\u00e4hrige bestieg am Sonntag zusammen mit elf weiteren Aktivisten im<br \/>\nHafen der sizilianischen Stadt Catania das von der sogenannten Freedom<br \/>\nFlotilla Coalition betriebene Schiff Madleen, um &#8222;die israelische<br \/>\nBelagerung zu durchbrechen&#8220;, wie die Organisatoren mitteilten.\u00a0\n<\/p>\n<p class=\"paragraph article__item\">Die<br \/>\nAktivisten und Aktivistinnen wollen demnach versuchen, die K\u00fcste des Pal\u00e4stinensergebiets zu<br \/>\nerreichen. So solle &#8222;internationale Aufmerksamkeit&#8220; auf die anhaltende<br \/>\nhumanit\u00e4re Krise gelenkt werden, sagten sie vor ihrem Aufbruch.\n<\/p>\n<p class=\"paragraph article__item\">Mit dem Segelschiff will die Gruppe Hilfsg\u00fcter in den <a class=\"rtr-entity\" href=\"https:\/\/www.zeit.de\/thema\/gazastreifen\" target=\"_blank\" rel=\"noopener\">Gazastreifen<\/a> bringen. An Bord befinden sich demnach zw\u00f6lf<br \/>\nAktivisten und Aktivistinnen aus verschiedenen L\u00e4ndern. An Bord sollen Babynahrung sowie medizinische G\u00fcter sein.\u00a0\n<\/p>\n<p>        Thunberg wollte schon fr\u00fcher nach Gaza segeln        <\/p>\n<p class=\"paragraph article__item\">&#8222;Wir machen das, weil wir, egal wie schlecht die Chancen stehen, es<br \/>\nweiter versuchen m\u00fcssen&#8220;, sagte Thunberg und brach in Tr\u00e4nen aus. &#8222;Denn<br \/>\nsobald wir aufh\u00f6ren, es zu versuchen, verlieren wir unsere<br \/>\nMenschlichkeit. Und egal wie gef\u00e4hrlich diese Mission ist, sie ist nicht<br \/>\n ann\u00e4hernd so gef\u00e4hrlich wie das Schweigen der ganzen Welt angesichts<br \/>\ndes live gestreamten V\u00f6lkermords.&#8220;  \u00a0\n<\/p>\n<p class=\"paragraph article__item\">Schon vor einem Monat hatten Aktivisten auf <a href=\"https:\/\/www.zeit.de\/2025\/23\/deutsche-israel-politik-cdu-friedrich-merz-gazastreifen\" class=\"\" target=\"_blank\" rel=\"noopener\">die<br \/>\n Lage im Gazastreifen<\/a> aufmerksam machen wollen. Damals war auf einem der<br \/>\n von ihnen genutzten Schiffe nahe der Mittelmeerinsel Malta ein Feuer<br \/>\nausgebrochen. Die Aktivistinnen sprachen von einem Drohnenangriff, die<br \/>\nmaltesische Regierung nicht.<\/p>\n<p class=\"paragraph article__item\">Thunberg wollte auch damals schon mit<br \/>\nMitstreitern an Bord gehen. Die 22-J\u00e4hrige ist mit ihrem entschiedenen<br \/>\nKampf f\u00fcr mehr Klimaschutz bekannt geworden, setzt sich aber seit L\u00e4ngerem vor allem f\u00fcr die Pal\u00e4stinenser und Pal\u00e4stinenserinnen ein. Dabei \u00fcbt sie immer wieder heftige Kritik am Vorgehen\u00a0<a href=\"https:\/\/www.zeit.de\/thema\/israel\" class=\"\" target=\"_blank\" rel=\"noopener\">Israels<\/a>\u00a0in Gaza.\n<\/p>\n<p>            Greta Thunberg        <\/p>\n<p>Mehr zu<\/p>\n<p>                <a href=\"https:\/\/www.zeit.de\/zeit-magazin\/leben\/2024-12\/greta-thunberg-pro-palaestina-demo-mannheim-aktivistin\" data-ct-label=\"Greta Thunberg: Der Besuch der unerw\u00fcnschten Person\" target=\"_blank\" rel=\"noopener\"><\/p>\n<p>        Z+ (abopflichtiger Inhalt);<\/p>\n<p>    Greta Thunberg:<br \/>\n                        Der Besuch der unerw\u00fcnschten Person<\/p>\n<p>                <\/a><\/p>\n<p>                <a href=\"https:\/\/www.zeit.de\/kultur\/2024-10\/idole-enttaeuschung-juergen-klopp-greta-thunberg\" data-ct-label=\"Idole: Die Liebe war gut, solange sie dauerte\" target=\"_blank\" rel=\"noopener\"><\/p>\n<p>        Z+ (abopflichtiger Inhalt);<\/p>\n<p>    Idole:<br \/>\n                        Die Liebe war gut, solange sie dauerte<\/p>\n<p>                <\/a><\/p>\n","protected":false},"excerpt":{"rendered":"Die schwedische Klimaaktivistin Greta Thunberg ist an Bord eines Segelschiffs in Richtung des Gazastreifens aufgebrochen. Die 22-J\u00e4hrige bestieg&hellip;\n","protected":false},"author":2,"featured_media":158611,"comment_status":"","ping_status":"","sticky":false,"template":"","format":"standard","meta":{"footnotes":""},"categories":[3],"tags":[55511,738,28553,13,25907,14,6000,15,16,5226,12,10517,10,8,9,11,103,104],"class_list":{"0":"post-158610","1":"post","2":"type-post","3":"status-publish","4":"format-standard","5":"has-post-thumbnail","7":"category-welt","8":"tag-catania","9":"tag-gazastreifen","10":"tag-greta-thunberg","11":"tag-headlines","12":"tag-hilfslieferung","13":"tag-nachrichten","14":"tag-nahost","15":"tag-news","16":"tag-politik","17":"tag-schifffahrt","18":"tag-schlagzeilen","19":"tag-solidaritaet","20":"tag-top-news","21":"tag-top-meldungen","22":"tag-topmeldungen","23":"tag-topnews","24":"tag-welt","25":"tag-world"},"share_on_mastodon":{"url":"https:\/\/pubeurope.com\/@de\/114612390112332073","error":""},"_links":{"self":[{"href":"https:\/\/www.europesays.com\/de\/wp-json\/wp\/v2\/posts\/158610","targetHints":{"allow":["GET"]}}],"collection":[{"href":"https:\/\/www.europesays.com\/de\/wp-json\/wp\/v2\/posts"}],"about":[{"href":"https:\/\/www.europesays.com\/de\/wp-json\/wp\/v2\/types\/post"}],"author":[{"embeddable":true,"href":"https:\/\/www.europesays.com\/de\/wp-json\/wp\/v2\/users\/2"}],"replies":[{"embeddable":true,"href":"https:\/\/www.europesays.com\/de\/wp-json\/wp\/v2\/comments?post=158610"}],"version-history":[{"count":0,"href":"https:\/\/www.europesays.com\/de\/wp-json\/wp\/v2\/posts\/158610\/revisions"}],"wp:featuredmedia":[{"embeddable":true,"href":"https:\/\/www.europesays.com\/de\/wp-json\/wp\/v2\/media\/158611"}],"wp:attachment":[{"href":"https:\/\/www.europesays.com\/de\/wp-json\/wp\/v2\/media?parent=158610"}],"wp:term":[{"taxonomy":"category","embeddable":true,"href":"https:\/\/www.europesays.com\/de\/wp-json\/wp\/v2\/categories?post=158610"},{"taxonomy":"post_tag","embeddable":true,"href":"https:\/\/www.europesays.com\/de\/wp-json\/wp\/v2\/tags?post=158610"}],"curies":[{"name":"wp","href":"https:\/\/api.w.org\/{rel}","templated":true}]}}