{"id":158612,"date":"2025-06-02T06:37:12","date_gmt":"2025-06-02T06:37:12","guid":{"rendered":"https:\/\/www.europesays.com\/de\/158612\/"},"modified":"2025-06-02T06:37:12","modified_gmt":"2025-06-02T06:37:12","slug":"schaden-behoben-zuege-fahren-hauptbahnhof-hannover-wieder-an-ndr-de-nachrichten-niedersachsen","status":"publish","type":"post","link":"https:\/\/www.europesays.com\/de\/158612\/","title":{"rendered":"Schaden behoben: Z\u00fcge fahren Hauptbahnhof Hannover wieder an | NDR.de &#8211; Nachrichten &#8211; Niedersachsen"},"content":{"rendered":"<p>\nStand: 02.06.2025 08:07 Uhr\n<\/p>\n<p class=\"preface\">Der Hauptbahnhof in Hannover kann inzwischen wieder aus allen Richtungen angefahren werden &#8211; die Oberleitungsst\u00f6rung wurde laut Bahn repariert. Versp\u00e4tungen seien aber zun\u00e4chst weiter m\u00f6glich.<\/p>\n<p>Der Bahnhof kann wieder uneingeschr\u00e4nkt angefahren werden, wie eine Sprecherin der Deutschen Bahn dem NDR Niedersachsen best\u00e4tigte. Die besch\u00e4digte Oberleitung sei demnach repariert worden. Dennoch k\u00f6nne es durch R\u00fcckstaus zun\u00e4chst noch zu Versp\u00e4tungen kommen. Der Verkehr m\u00fcsse sich erst wieder einpendeln &#8211; Bahnreisende am Hauptbahnhof Hannover m\u00fcssten demnach noch eine Weile mit versp\u00e4teten Z\u00fcgen und einzelnen Ausf\u00e4llen rechnen, so die Sprecherin.<\/p>\n<p>Erst k\u00fcrzlich Probleme wegen Stellwerksst\u00f6rung<\/p>\n<p>Wegen der Oberleitungsst\u00f6rung war es seit Sonntagabend zu erheblichen Einschr\u00e4nkungen im Nah- und Fernverkehr der Bahn gekommen. Betroffen waren alle ICE und IC-Z\u00fcge, der Regionalverkehr und die Linie RE10 des Nahverkehrsunternehmens erixx. Erst am Donnerstag hatte eine <a href=\"https:\/\/www.ndr.de\/nachrichten\/niedersachsen\/hannover_weser-leinegebiet\/Stellwerkstoerung-in-Hannover-Massive-Probleme-im-Bahnverkehr,bahn3596.html\" title=\"Zum Video: Stellwerkst\u00f6rung in Hannover: Massive Probleme im Bahnverkehr\" rel=\"nofollow noopener\" target=\"_blank\">Stellwerksst\u00f6rung<\/a> f\u00fcr massive Probleme im Bahnverkehr in und um Hannover gesorgt.<\/p>\n<p>Weitere Informationen<\/p>\n<p><img decoding=\"async\" src=\"https:\/\/www.europesays.com\/de\/wp-content\/uploads\/2025\/06\/bahn3592_v-contentgross.jpg\" alt=\"Zahlreiche Menschen stehen im Hauptbahnhof Hannover an den Gleisen. \u00a9 NDR Foto: Thorsten Hapke\" title=\"Zahlreiche Menschen stehen im Hauptbahnhof Hannover an den Gleisen.\" class=\"responsive\"\/><\/p>\n<p>\nWegen einer Stellwerkst\u00f6rung war der Hauptbahnhof am Donnerstagmorgen gesperrt. Es kam zu massiven Problemen.<br \/>\n<a title=\"Zum Artikel: St\u00f6rung in Hannover behoben - Zugverkehr l\u00e4uft wieder\" href=\"https:\/\/www.ndr.de\/nachrichten\/niedersachsen\/hannover_weser-leinegebiet\/Stoerung-in-Hannover-behoben-Zugverkehr-laeuft-wieder,bahn3588.html\" class=\"cta \" rel=\"nofollow noopener\" target=\"_blank\">mehr<\/a>\n<\/p>\n<p><img decoding=\"async\" src=\"https:\/\/www.europesays.com\/de\/wp-content\/uploads\/2025\/06\/bahn3594_v-contentgross.jpg\" alt=\"Zahlreiche Menschen stehen im Hauptbahnhof Hannover vor einem leeren Anzeigenschild. \u00a9 TeleNewsNetwork \" title=\"Zahlreiche Menschen stehen im Hauptbahnhof Hannover vor einem leeren Anzeigenschild.\" class=\"responsive\"\/><\/p>\n<p>1 Min<\/p>\n<p>\nZahlreiche Z\u00fcge sind am Donnerstagmorgen ausgefallen oder waren versp\u00e4tet. Fernz\u00fcge konnten den Hauptbahnhof nicht anfahren.<br \/>\n<a title=\"Zum Video: Stellwerkst\u00f6rung in Hannover: Massive Probleme im Bahnverkehr\" href=\"https:\/\/www.ndr.de\/nachrichten\/niedersachsen\/hannover_weser-leinegebiet\/Stellwerkstoerung-in-Hannover-Massive-Probleme-im-Bahnverkehr,bahn3596.html\" class=\"cta \" rel=\"nofollow noopener\" target=\"_blank\">1 Min<\/a>\n<\/p>\n<p><img decoding=\"async\" src=\"https:\/\/www.europesays.com\/de\/wp-content\/uploads\/2025\/06\/hauptbahnhof752_v-contentgross.png\" alt=\"Eine S-Bahn h\u00e4lt an einem Bahnsteig, an welchem noch letzte Absperrungen stehen. \u00a9 NDR Foto: Niels Kristoph\" title=\"Eine S-Bahn h\u00e4lt an einem Bahnsteig, an welchem noch letzte Absperrungen stehen.\" class=\"responsive\"\/><\/p>\n<p>\nAb Montag sollen laut Bahn die letzten Bauz\u00e4une entfernt werden. Dann soll es wieder mehr Platz an den Gleisen 1 und 2 geben.<br \/>\n<a title=\"Zum Artikel: Hannover Hauptbahnhof: Erste Bauarbeiten am Bahnsteig A fertig\" href=\"https:\/\/www.ndr.de\/nachrichten\/niedersachsen\/hannover_weser-leinegebiet\/Hannover-Hauptbahnhof-Erste-Bauarbeiten-an-Bahnsteig-A-fertig,hauptbahnhof750.html\" class=\"cta \" rel=\"nofollow noopener\" target=\"_blank\">mehr<\/a>\n<\/p>\n<p><img decoding=\"async\" src=\"https:\/\/www.europesays.com\/de\/wp-content\/uploads\/2025\/05\/bahn2240_v-contentgross.jpg\" alt=\"Vor der Hauptbahnhof Hannover auf dem Bahnhofsvorplatz ist das Ernst-August-Denkmal zu sehen. \u00a9 NDR Foto: Julius Matuschik\" title=\"Vor der Hauptbahnhof Hannover auf dem Bahnhofsvorplatz ist das Ernst-August-Denkmal zu sehen.\" class=\"responsive\"\/><\/p>\n<p>\nDie Deutsche Bahn will den Bahnhof in diesem Fr\u00fchjahr modernisieren. F\u00fcr die Bauarbeiten m\u00fcssen Gleise gesperrt werden.<br \/>\n<a title=\"Zum Artikel: Baustelle Hannover Hauptbahnhof: Das plant die Bahn f\u00fcr 2025\" href=\"https:\/\/www.ndr.de\/nachrichten\/niedersachsen\/hannover_weser-leinegebiet\/Baustelle-Hannover-Hauptbahnhof-Das-plant-die-Bahn-fuer-2025,hauptbahnhofhannover100.html\" class=\"cta \" rel=\"nofollow noopener\" target=\"_blank\">mehr<\/a>\n<\/p>\n<p>Dieses Thema im Programm:<\/p>\n<p>NDR 1 Niedersachsen |<br \/>\nAktuell |<br \/>\n02.06.2025 | 08:00 Uhr<\/p>\n<p><img decoding=\"async\" src=\"https:\/\/www.europesays.com\/de\/wp-content\/uploads\/2025\/03\/ndr_printlogo.gif\" alt=\"NDR Logo\" title=\"NDR Logo\"\/><\/p>\n","protected":false},"excerpt":{"rendered":"Stand: 02.06.2025 08:07 Uhr Der Hauptbahnhof in Hannover kann inzwischen wieder aus allen Richtungen angefahren werden &#8211; die&hellip;\n","protected":false},"author":2,"featured_media":158613,"comment_status":"","ping_status":"","sticky":false,"template":"","format":"standard","meta":{"footnotes":""},"categories":[2],"tags":[1739,2227,29,30,46,55512,13,2229,14,15,2228,5736,12,3809,10,8,9,11,6427],"class_list":{"0":"post-158612","1":"post","2":"type-post","3":"status-publish","4":"format-standard","5":"has-post-thumbnail","7":"category-deutschland","8":"tag-bahn","9":"tag-bahnverkehr","10":"tag-deutschland","11":"tag-germany","12":"tag-hannover","13":"tag-hauptbahnhof-hannover","14":"tag-headlines","15":"tag-ice","16":"tag-nachrichten","17":"tag-news","18":"tag-oberleitung","19":"tag-oberleitungsschaden","20":"tag-schlagzeilen","21":"tag-stoerung","22":"tag-top-news","23":"tag-top-meldungen","24":"tag-topmeldungen","25":"tag-topnews","26":"tag-zugausfall"},"share_on_mastodon":{"url":"https:\/\/pubeurope.com\/@de\/114612394303025806","error":""},"_links":{"self":[{"href":"https:\/\/www.europesays.com\/de\/wp-json\/wp\/v2\/posts\/158612","targetHints":{"allow":["GET"]}}],"collection":[{"href":"https:\/\/www.europesays.com\/de\/wp-json\/wp\/v2\/posts"}],"about":[{"href":"https:\/\/www.europesays.com\/de\/wp-json\/wp\/v2\/types\/post"}],"author":[{"embeddable":true,"href":"https:\/\/www.europesays.com\/de\/wp-json\/wp\/v2\/users\/2"}],"replies":[{"embeddable":true,"href":"https:\/\/www.europesays.com\/de\/wp-json\/wp\/v2\/comments?post=158612"}],"version-history":[{"count":0,"href":"https:\/\/www.europesays.com\/de\/wp-json\/wp\/v2\/posts\/158612\/revisions"}],"wp:featuredmedia":[{"embeddable":true,"href":"https:\/\/www.europesays.com\/de\/wp-json\/wp\/v2\/media\/158613"}],"wp:attachment":[{"href":"https:\/\/www.europesays.com\/de\/wp-json\/wp\/v2\/media?parent=158612"}],"wp:term":[{"taxonomy":"category","embeddable":true,"href":"https:\/\/www.europesays.com\/de\/wp-json\/wp\/v2\/categories?post=158612"},{"taxonomy":"post_tag","embeddable":true,"href":"https:\/\/www.europesays.com\/de\/wp-json\/wp\/v2\/tags?post=158612"}],"curies":[{"name":"wp","href":"https:\/\/api.w.org\/{rel}","templated":true}]}}