{"id":158614,"date":"2025-06-02T06:38:08","date_gmt":"2025-06-02T06:38:08","guid":{"rendered":"https:\/\/www.europesays.com\/de\/158614\/"},"modified":"2025-06-02T06:38:08","modified_gmt":"2025-06-02T06:38:08","slug":"polen-rechtsnationalist-karol-nawrocki-gewinnt-praesidentenwahl-in-polen","status":"publish","type":"post","link":"https:\/\/www.europesays.com\/de\/158614\/","title":{"rendered":"Polen: Rechtsnationalist Karol Nawrocki gewinnt Pr\u00e4sidentenwahl in Polen"},"content":{"rendered":"<p class=\"paragraph article__item\"><a href=\"https:\/\/www.zeit.de\/kultur\/2025-05\/praesidentschaftswahl-polen-stichwahl-rafal-trzaskowski-karol-nawrocki\" class=\"\" target=\"_blank\" rel=\"noopener\">Der rechtsnationale Politiker Karol Nawrocki<\/a> hat die Stichwahl um das Amt des polnischen Pr\u00e4sidenten gewonnen. Er erreichte am Sonntag 50,89 Prozent der Stimmen, wie die Wahlkommission des Landes mitteilte. Sein liberaler Kontrahent, der Warschauer B\u00fcrgermeister Rafa\u0142 Trzaskowski von der Regierungspartei KO, erreichte demnach 49,11 Prozent. Zuvor hatten die polnischen Zeitungen\u00a0Rzeczpospolita und Onet\u00a0\u00fcber die Zahlen berichtet.\u00a0Nawrockis Vorsprung betrug demnach nur etwa 300.000 Stimmen.\u00a0\u00a0\n<\/p>\n<p class=\"paragraph article__item\">Nawrocki ist offiziell parteilos, trat aber als Kandidat der<br \/>\nrechtskonservativen Partei PiS an, <a class=\"rtr-entity\" href=\"https:\/\/www.zeit.de\/thema\/polen\" target=\"_blank\" rel=\"noopener\">Polens<\/a> gr\u00f6\u00dfter Oppositionspartei. &#8222;Wir werden siegen und Polen<br \/>\nretten. Wir werden nicht zulassen, dass Donald Tusks Macht sich festigt&#8220;, sagte<br \/>\nNawrocki nach Bekanntgabe erster Prognosen. <\/p>\n<p class=\"paragraph article__item\">Die Wahlbeteiligung lag nach Angaben der Wahlkommission bei<br \/>\n71,31 Prozent, ein Rekord f\u00fcr die zweite Runde einer Pr\u00e4sidentschaftswahl in<br \/>\nPolen. Ein offizielles Endergebnis der Wahlkommission wird am Abend erwartet.<\/p>\n<p class=\"paragraph article__item\">Am Wahlabend hatte eine erste Prognose zun\u00e4chst\u00a0Trzaskowski knapp vorn gesehen. <a href=\"https:\/\/www.zeit.de\/2025\/20\/rafal-trzaskowski-polen-praesidentschaftswahlen-po-partei\" class=\"\" target=\"_blank\" rel=\"noopener\">Der 53-j\u00e4hrige Sozialwissenschaftler<\/a> gab sich auch schon als Wahlsieger. Er gilt allerdings selbst in seinem politischen Lager als sehr weit links und war f\u00fcr viele W\u00e4hler in katholisch gepr\u00e4gten l\u00e4ndlichen Regionen des Landes offenbar nicht w\u00e4hlbar.\n<\/p>\n<p>        Pr\u00e4sident mit Einfluss auf die Au\u00dfenpolitik        <\/p>\n<p class=\"paragraph article__item\">Polens Pr\u00e4sident repr\u00e4sentiert das Land nicht nur nach au\u00dfen, sondern hat auch Einfluss auf die Au\u00dfenpolitik. Er ernennt den Regierungschef sowie das<br \/>\nKabinett und ist im Kriegsfall Oberkommandierender der polnischen Streitkr\u00e4fte.<br \/>\nVor allem aber kann er die Regierung mit seinem Vetorecht\u00a0an der Umsetzung ihrer Vorhaben hindern.\n<\/p>\n<p>                            \u00a9\u00a0Lea Dohle<\/p>\n<p>\n                    Newsletter<\/p>\n<p>                    Was jetzt? \u2013 Der t\u00e4gliche Morgen\u00fcberblick<\/p>\n<p class=\"newsletter-signup__text\">Starten Sie mit unserem kurzen Nachrichten-Newsletter in den Tag. Erhalten Sie zudem freitags den US-Sonderletter &#8222;Was jetzt, America?&#8220; sowie das digitale Magazin ZEIT am Wochenende.<\/p>\n<p class=\"newsletter-signup__datapolicy\" hidden=\"\">\n            Mit Ihrer Registrierung nehmen Sie die <a href=\"https:\/\/datenschutz.zeit.de\/zon#Newsletter\" target=\"_blank\" rel=\"noopener\">Datenschutzerkl\u00e4rung<\/a> zur Kenntnis.\n        <\/p>\n<p>    Vielen Dank! Wir haben Ihnen eine E-Mail geschickt.<\/p>\n<p>Pr\u00fcfen Sie Ihr Postfach und best\u00e4tigen Sie das Newsletter-Abonnement.<\/p>\n<p class=\"paragraph article__item\">Die PiS regierte das Land von 2015 bis 2023. Sie ging gegen die Unabh\u00e4ngigkeit der Justiz vor und hatte wegen dieses Eingriffs in die Gewaltenteilung stetige Auseinandersetzung mit der EU-Kommission.\u00a0Die \u00fcber Nacht eingehenden Einzelergebnisse belegten die tiefe politische Spaltung Polens, das in den vergangenen Jahren gro\u00dfe wirtschaftliche Erfolge erzielt hat. Trzaskowski siegte demnach in den gro\u00dfen St\u00e4dten wie Warschau,\u00a0Krak\u00f3w und\u00a0\u0141\u00f3d\u017a, die vom Aufschwung besonders profitiert haben. In kleineren St\u00e4dten und den l\u00e4ndlichen Regionen Polens lag Nawrocki vorn.\n<\/p>\n<p>                        Ministerpr\u00e4sident Tusk hoffte auf liberalen Pr\u00e4sidenten        <\/p>\n<p class=\"paragraph article__item\">Zwar kam 2023 wieder ein Mitte-links-B\u00fcndnis an die Regierung, als der fr\u00fchere EU-Ratspr\u00e4sident Donald Tusk als Ministerpr\u00e4sident zur\u00fcckkehrte.\u00a0Doch es blieb bei einem Dauerstreit mit dem mit der PiS verb\u00fcndeten<br \/>\nPr\u00e4sidenten Andrzej Duda, der nach zehn Jahren im Amt nicht erneut<br \/>\nkandidieren durfte.\u00a0Duda bremste Tusks Reformpl\u00e4ne mit seinem Vetorecht. Der Ministerpr\u00e4sident hoffte, diese Blockade mit dem liberal eingestellten Trzaskowski an der Staatsspitze aufl\u00f6sen zu k\u00f6nnen.\n<\/p>\n<p class=\"paragraph article__item\">Polen ist ein wichtiger Unterst\u00fctzer der von Russland angegriffenen Ukraine. Das Land mit knapp 38 Millionen Einwohnerinnen und Einwohnern <a href=\"https:\/\/www.zeit.de\/kultur\/2025-05\/friedrich-merz-polen-bundeskanzlers-staatsbesuch-donald-tusk\" class=\"\" target=\"_blank\" rel=\"noopener\">sieht sich auch selbst von der Regierung in Moskau bedroht und r\u00fcstet kr\u00e4ftig auf<\/a>. Anders als in der Slowakei, Ungarn oder Rum\u00e4nien gibt es in Polen keinen ernst zu nehmenden Politiker, der prorussische Positionen vertritt. In der wichtigsten au\u00dfenpolitischen Frage, der Unterst\u00fctzung f\u00fcr die Ukraine, waren Duda und Tusk daher meist einer Meinung. Dies k\u00f6nnte sich mit Nawrocki \u00e4ndern, der zum Beispiel gegen einen m\u00f6glichen Nato-Beitritt der Ukraine ist.\n<\/p>\n<p class=\"paragraph article__item\">Anders als Tusk vertritt Nawrocki auch eher die Deutschland-feindliche Linie der PiS und suchte im Wahlkampf die N\u00e4he zu US-Pr\u00e4sident Donald Trump. Er erneuerte die Forderung nach Reparationen f\u00fcr die Sch\u00e4den, die Nazideutschland im Zweiten Weltkrieg in Polen angerichtet hat. Von der EU will sich Nawrocki f\u00fcr Polen nichts vorschreiben lassen, wie er sagte.\n<\/p>\n<p>            Mehr zum Thema        <\/p>\n<p>Pr\u00e4sidentschaftswahl in Polen<\/p>\n<p>                <a href=\"https:\/\/www.zeit.de\/politik\/ausland\/2025-05\/praesidentschaftswahl-polen-demokratie-feminismus-waehlerschaft\" data-ct-label=\"Pr\u00e4sidentschaftswahl in Polen: Die Entt\u00e4uschten, die Loyalen und die Systemsprenger\" target=\"_blank\" rel=\"noopener\"><\/p>\n<p>                        Pr\u00e4sidentschaftswahl in Polen:<br \/>\n                        Die Entt\u00e4uschten, die Loyalen und die Systemsprenger<\/p>\n<p>                <\/a><\/p>\n<p>                <a href=\"https:\/\/www.zeit.de\/politik\/ausland\/2025-05\/praesidentschaftswahl-polen-ergebnis-pis-stichwahl-rechtsextremismus\" data-ct-label=\"Pr\u00e4sidentschaftswahl in Polen: Die Angst vor den Rechten zieht nicht mehr\" target=\"_blank\" rel=\"noopener\"><\/p>\n<p>                        Pr\u00e4sidentschaftswahl in Polen:<br \/>\n                        Die Angst vor den Rechten zieht nicht mehr<\/p>\n<p>                <\/a><\/p>\n<p>                <a href=\"https:\/\/www.zeit.de\/politik\/ausland\/2025-05\/polen-praesidentschaftswahl-rafa-trzaskowski-karol-nawrocki\" data-ct-label=\"Pr\u00e4sidentschaftswahl in Polen: Die Euphorie f\u00fcr den Wandel ist verflogen\" target=\"_blank\" rel=\"noopener\"><\/p>\n<p>                        Pr\u00e4sidentschaftswahl in Polen:<br \/>\n                        Die Euphorie f\u00fcr den Wandel ist verflogen<\/p>\n<p>                <\/a><\/p>\n","protected":false},"excerpt":{"rendered":"Der rechtsnationale Politiker Karol Nawrocki hat die Stichwahl um das Amt des polnischen Pr\u00e4sidenten gewonnen. Er erreichte am&hellip;\n","protected":false},"author":2,"featured_media":158615,"comment_status":"","ping_status":"","sticky":false,"template":"","format":"standard","meta":{"footnotes":""},"categories":[5],"tags":[13,14,28569,15,3917,16,6577,12,10,8,9,11,47363,6799],"class_list":{"0":"post-158614","1":"post","2":"type-post","3":"status-publish","4":"format-standard","5":"has-post-thumbnail","7":"category-nachrichten","8":"tag-headlines","9":"tag-nachrichten","10":"tag-nationalismus","11":"tag-news","12":"tag-polen","13":"tag-politik","14":"tag-praesidentschaft","15":"tag-schlagzeilen","16":"tag-top-news","17":"tag-top-meldungen","18":"tag-topmeldungen","19":"tag-topnews","20":"tag-wahlergebnis","21":"tag-wahlkampf"},"share_on_mastodon":{"url":"https:\/\/pubeurope.com\/@de\/114612397942151108","error":""},"_links":{"self":[{"href":"https:\/\/www.europesays.com\/de\/wp-json\/wp\/v2\/posts\/158614","targetHints":{"allow":["GET"]}}],"collection":[{"href":"https:\/\/www.europesays.com\/de\/wp-json\/wp\/v2\/posts"}],"about":[{"href":"https:\/\/www.europesays.com\/de\/wp-json\/wp\/v2\/types\/post"}],"author":[{"embeddable":true,"href":"https:\/\/www.europesays.com\/de\/wp-json\/wp\/v2\/users\/2"}],"replies":[{"embeddable":true,"href":"https:\/\/www.europesays.com\/de\/wp-json\/wp\/v2\/comments?post=158614"}],"version-history":[{"count":0,"href":"https:\/\/www.europesays.com\/de\/wp-json\/wp\/v2\/posts\/158614\/revisions"}],"wp:featuredmedia":[{"embeddable":true,"href":"https:\/\/www.europesays.com\/de\/wp-json\/wp\/v2\/media\/158615"}],"wp:attachment":[{"href":"https:\/\/www.europesays.com\/de\/wp-json\/wp\/v2\/media?parent=158614"}],"wp:term":[{"taxonomy":"category","embeddable":true,"href":"https:\/\/www.europesays.com\/de\/wp-json\/wp\/v2\/categories?post=158614"},{"taxonomy":"post_tag","embeddable":true,"href":"https:\/\/www.europesays.com\/de\/wp-json\/wp\/v2\/tags?post=158614"}],"curies":[{"name":"wp","href":"https:\/\/api.w.org\/{rel}","templated":true}]}}