{"id":158624,"date":"2025-06-02T06:44:10","date_gmt":"2025-06-02T06:44:10","guid":{"rendered":"https:\/\/www.europesays.com\/de\/158624\/"},"modified":"2025-06-02T06:44:10","modified_gmt":"2025-06-02T06:44:10","slug":"borussia-moenchengladbach-spieler-forderten-abloesung-von-hans-meyer-sport","status":"publish","type":"post","link":"https:\/\/www.europesays.com\/de\/158624\/","title":{"rendered":"Borussia M\u00f6nchengladbach: Spieler forderten Abl\u00f6sung von Hans Meyer | Sport"},"content":{"rendered":"<p><b>Bis M\u00e4rz 2024 war Kult-Coach Hans Meyer (82) noch als Pr\u00e4sidiumsmitglied f\u00fcr Gladbach t\u00e4tig. Bei dem Klub, bei dem er gleich zweimal (von 1999 bis 2003 und von 2008 bis 2009) als <\/b><a href=\"https:\/\/www.bild.de\/sport\/fussball\/bundesliga\/bundesliga-startseite-52368768.bild.html\" class=\"text-link\" target=\"_blank\" rel=\"noopener\"><b>Bundesliga<\/b><\/a><b>-Trainer t\u00e4tig war.<\/b><\/p>\n<p>In einem ausf\u00fchrlichen \u201eSport1\u201c-Interview sprach Meyer nun auch \u00fcber seine Zeit als Trainer und Pr\u00e4sidiumsmitglied bei den Fohlen.<\/p>\n<p>\u201eSie ist immer bei mir\u201c: Emotionale Enrique-Worte an tote Tochter (\u20209)<a href=\"https:\/\/www.bild.de\/sport\/fussball\/sie-ist-immer-bei-mir-emotionale-enrique-worte-an-tote-tochter-9-683c1d513449a461750a4f5a\" class=\"anchor\" target=\"_blank\" rel=\"noopener\"><img decoding=\"async\" width=\"992\" height=\"558\" alt=\"Teaser-Bild\" src=\"https:\/\/www.europesays.com\/de\/wp-content\/uploads\/2025\/06\/3d8b98acf50bea9e22b75c2515f232a0-landscape,47fe69ca\"   class=\"landscape teaser__image\" loading=\"lazy\"\/><\/a><\/p>\n<p>Quelle: BILD\/AP01.06.2025<\/p>\n<p>Seinen R\u00fccktritt aus dem Pr\u00e4sidium erkl\u00e4rt Meyer folgenderma\u00dfen: \u201eEs gibt schon gen\u00fcgend Menschen, die glauben, dass nach ihrem Besch\u00e4ftigungsende die Welt den Atem anh\u00e4lt. Wenn du mal 82 bist, denk noch mal \u00fcber meine mangelnde Motivation nach. <b>Der Wegfall von drei bis f\u00fcnf Bahnfahrten im Monat zu Terminen von N\u00fcrnberg nach M\u00f6nchengladbach und zur\u00fcck plus einigen Ausw\u00e4rtsfahrten am Wochenende k\u00f6nnen dann auch mal zu viel werden. Die Borussia zu begleiten bei ihrer anspruchsvollen Aufbauarbeit ist auch ohne permanente Anwesenheit gut und befriedigend zu realisieren.\u201c<\/b><\/p>\n<p>Lesen Sie auch<\/p>\n<p><b>Meyer verr\u00e4t in dem Interview auch, dass es einen Spieleraufstand in Gladbach gegen ihn als Trainer gegeben hatte:<\/b> \u201eBei meiner zweiten Amtszeit in Gladbach habe ich eine Mannschaft vorgefunden, bei der ich mich anfangs jeden Tag \u00fcber das, was da ablief, ge\u00e4rgert habe. Da habe ich gedacht: \u201aDas ziehst du nicht durch.\u2018 <b>Dann habe ich es doch getan \u2013 im Trainingslager haben dann wichtige Spieler meine Abl\u00f6sung gefordert. Sie wollten sich das mit mir nicht mehr antun. Zum Gl\u00fcck f\u00fcr mich hat das Pr\u00e4sidium nicht reagiert, sie wussten offensichtlich damals schon, dass ich einmal ihr Kollege werde &#8230;\u201c<\/b><\/p>\n<p>Meyer auf die Frage, wie er \u00fcber den aktuellen <a href=\"https:\/\/www.bild.de\/sport\/fussball\/borussia-moenchengladbach\/startseite-borussia-moenchengladbach-31074418.bild.html\" class=\"text-link\" target=\"_blank\" rel=\"noopener\">Gladbach<\/a>-Coach Gerardo Seoane (46) denkt: <b>\u201eEr hatte ein ganz schwieriges Erbe zu einem sehr ung\u00fcnstigen Zeitpunkt \u00fcbernommen und im abgelaufenen Jahr sehr, sehr viel richtig gemacht. Ich hoffe stark, dass die Borussia ihn weiter r\u00fcckhaltlos unterst\u00fctzt beim Aufbau einer stabilen, leistungsstarken Mannschaft, die in etwa den realistischen Erwartungen entspricht. Damit meine ich nicht die Erf\u00fcllung von Wunschdenken.\u201c<\/b><\/p>\n","protected":false},"excerpt":{"rendered":"Bis M\u00e4rz 2024 war Kult-Coach Hans Meyer (82) noch als Pr\u00e4sidiumsmitglied f\u00fcr Gladbach t\u00e4tig. Bei dem Klub, bei&hellip;\n","protected":false},"author":2,"featured_media":158625,"comment_status":"","ping_status":"","sticky":false,"template":"","format":"standard","meta":{"footnotes":""},"categories":[1849],"tags":[815,3364,29,538,548,663,3934,30,13,55513,4455,14,15,1209,12,819,45,10735],"class_list":{"0":"post-158624","1":"post","2":"type-post","3":"status-publish","4":"format-standard","5":"has-post-thumbnail","7":"category-moenchengladbach","8":"tag-borussia-moenchengladbach","9":"tag-de","10":"tag-deutschland","11":"tag-erste-bundesliga","12":"tag-eu","13":"tag-europa","14":"tag-europe","15":"tag-germany","16":"tag-headlines","17":"tag-meyer-hans","18":"tag-moenchengladbach","19":"tag-nachrichten","20":"tag-news","21":"tag-nordrhein-westfalen","22":"tag-schlagzeilen","23":"tag-sport-leuchtturm-essen","24":"tag-texttospeech","25":"tag-virkus-roland"},"share_on_mastodon":{"url":"https:\/\/pubeurope.com\/@de\/114612421650848495","error":""},"_links":{"self":[{"href":"https:\/\/www.europesays.com\/de\/wp-json\/wp\/v2\/posts\/158624","targetHints":{"allow":["GET"]}}],"collection":[{"href":"https:\/\/www.europesays.com\/de\/wp-json\/wp\/v2\/posts"}],"about":[{"href":"https:\/\/www.europesays.com\/de\/wp-json\/wp\/v2\/types\/post"}],"author":[{"embeddable":true,"href":"https:\/\/www.europesays.com\/de\/wp-json\/wp\/v2\/users\/2"}],"replies":[{"embeddable":true,"href":"https:\/\/www.europesays.com\/de\/wp-json\/wp\/v2\/comments?post=158624"}],"version-history":[{"count":0,"href":"https:\/\/www.europesays.com\/de\/wp-json\/wp\/v2\/posts\/158624\/revisions"}],"wp:featuredmedia":[{"embeddable":true,"href":"https:\/\/www.europesays.com\/de\/wp-json\/wp\/v2\/media\/158625"}],"wp:attachment":[{"href":"https:\/\/www.europesays.com\/de\/wp-json\/wp\/v2\/media?parent=158624"}],"wp:term":[{"taxonomy":"category","embeddable":true,"href":"https:\/\/www.europesays.com\/de\/wp-json\/wp\/v2\/categories?post=158624"},{"taxonomy":"post_tag","embeddable":true,"href":"https:\/\/www.europesays.com\/de\/wp-json\/wp\/v2\/tags?post=158624"}],"curies":[{"name":"wp","href":"https:\/\/api.w.org\/{rel}","templated":true}]}}