{"id":158631,"date":"2025-06-02T06:48:17","date_gmt":"2025-06-02T06:48:17","guid":{"rendered":"https:\/\/www.europesays.com\/de\/158631\/"},"modified":"2025-06-02T06:48:17","modified_gmt":"2025-06-02T06:48:17","slug":"rhein-neckar-loewen-sorgen-fuer-aufregung-und-fuechse-ziehen-ihre-kreise-handball","status":"publish","type":"post","link":"https:\/\/www.europesays.com\/de\/158631\/","title":{"rendered":"Rhein-Neckar L\u00f6wen sorgen f\u00fcr Aufregung, und F\u00fcchse ziehen ihre Kreise &#8211; Handball"},"content":{"rendered":"<p class=\"rhp-dpa-teaser\"><b>Die F\u00fcchse Berlin lassen sich nicht stoppen und nehmen auch die H\u00fcrde TVB Stuttgart eindrucksvoll. Die Rhein-Neckar L\u00f6wen sorgen f\u00fcr Aufregung.<\/b><\/p>\n<p>Vor kurzem gab  der Abstecher des   <a class=\"rtr-entity\" data-rtr-entity=\"FC Bayern M\u00fcnchen\" data-rtr-id=\"1c6f135b4b2f0b6ffe1e122334cde3c41c9b5fc8\" data-rtr-score=\"14.66106604866744\" data-rtr-etype=\"organisation\" data-rtr-index=\"13\" href=\"https:\/\/www.rheinpfalz.de\/themen\/fc-bayern-muenchen?utm_source=rheinpfalz.de&amp;utm_medium=tms&amp;utm_campaign=intext\" target=\"_blank\" rel=\"noopener\">FC Bayern<\/a> <\/p>\n<p class=\"\">Bitte loggen Sie sich ein um den Artikel im Klartext zu sehen.<\/p>\n<p class=\"\">vor emd nzetelt ilpeS eib rde TSG 9189 femHeonihf hcna baIzi Asnsal uz noeniuiDss,ks ztjet bhnae ide arelHdbanl einne haluh&amp;lmnc;ein lal.F iDe liSpeer rde nNaRrkchiee- olm&amp;Lu;enw eglonf vor edm Hipeemlis gegne end BVT trtttgSua ur&amp;;bmlsue ndWhnoceee anhc r.caMlalo eDi Lwln;&amp;omue rvnroele ma ot<\/p>\n","protected":false},"excerpt":{"rendered":"Die F\u00fcchse Berlin lassen sich nicht stoppen und nehmen auch die H\u00fcrde TVB Stuttgart eindrucksvoll. Die Rhein-Neckar L\u00f6wen&hellip;\n","protected":false},"author":2,"featured_media":158632,"comment_status":"","ping_status":"","sticky":false,"template":"","format":"standard","meta":{"footnotes":""},"categories":[1845],"tags":[1634,3364,29,548,663,3934,458,1933,30,1391,13,55514,34378,474,2096,14,15,11660,12,265,1441,968,20456],"class_list":{"0":"post-158631","1":"post","2":"type-post","3":"status-publish","4":"format-standard","5":"has-post-thumbnail","7":"category-mannheim","8":"tag-baden-wuerttemberg","9":"tag-de","10":"tag-deutschland","11":"tag-eu","12":"tag-europa","13":"tag-europe","14":"tag-fc-bayern-muenchen","15":"tag-fuechse-berlin","16":"tag-germany","17":"tag-handball","18":"tag-headlines","19":"tag-holger-bachert","20":"tag-ibiza","21":"tag-mallorca","22":"tag-mannheim","23":"tag-nachrichten","24":"tag-news","25":"tag-rhein-neckar-loewen","26":"tag-schlagzeilen","27":"tag-sport","28":"tag-stuttgart","29":"tag-tsg-1899-hoffenheim","30":"tag-tv-bissendorf-holte"},"share_on_mastodon":{"url":"https:\/\/pubeurope.com\/@de\/114612437441337230","error":""},"_links":{"self":[{"href":"https:\/\/www.europesays.com\/de\/wp-json\/wp\/v2\/posts\/158631","targetHints":{"allow":["GET"]}}],"collection":[{"href":"https:\/\/www.europesays.com\/de\/wp-json\/wp\/v2\/posts"}],"about":[{"href":"https:\/\/www.europesays.com\/de\/wp-json\/wp\/v2\/types\/post"}],"author":[{"embeddable":true,"href":"https:\/\/www.europesays.com\/de\/wp-json\/wp\/v2\/users\/2"}],"replies":[{"embeddable":true,"href":"https:\/\/www.europesays.com\/de\/wp-json\/wp\/v2\/comments?post=158631"}],"version-history":[{"count":0,"href":"https:\/\/www.europesays.com\/de\/wp-json\/wp\/v2\/posts\/158631\/revisions"}],"wp:featuredmedia":[{"embeddable":true,"href":"https:\/\/www.europesays.com\/de\/wp-json\/wp\/v2\/media\/158632"}],"wp:attachment":[{"href":"https:\/\/www.europesays.com\/de\/wp-json\/wp\/v2\/media?parent=158631"}],"wp:term":[{"taxonomy":"category","embeddable":true,"href":"https:\/\/www.europesays.com\/de\/wp-json\/wp\/v2\/categories?post=158631"},{"taxonomy":"post_tag","embeddable":true,"href":"https:\/\/www.europesays.com\/de\/wp-json\/wp\/v2\/tags?post=158631"}],"curies":[{"name":"wp","href":"https:\/\/api.w.org\/{rel}","templated":true}]}}