{"id":158673,"date":"2025-06-02T07:12:18","date_gmt":"2025-06-02T07:12:18","guid":{"rendered":"https:\/\/www.europesays.com\/de\/158673\/"},"modified":"2025-06-02T07:12:18","modified_gmt":"2025-06-02T07:12:18","slug":"wo-in-moers-jetzt-eine-gedenkstaette-fuer-die-opfer-entsteht","status":"publish","type":"post","link":"https:\/\/www.europesays.com\/de\/158673\/","title":{"rendered":"Wo in Moers jetzt eine Gedenkst\u00e4tte f\u00fcr die Opfer entsteht"},"content":{"rendered":"<p class=\"text_ohne_einzug richtext text-em-55 !leading-serif mx-6 desktop:mx-0\"> Die Taten gelten als die gr\u00f6\u00dfte rechte Mord- und Anschlagsserie der Bundesrepublik <a href=\"https:\/\/rp-online.de\/thema\/deutschland\/\" rel=\"nofollow noopener\" target=\"_blank\">Deutschland<\/a>. Enver \u015eim\u015fek, Abdurrahim \u00d6z\u00fcdo\u011fru, S\u00fcleyman Ta\u015fk\u00f6pr\u00fc, Habil K\u0131l\u0131\u00e7, Mehmet Turgut, \u0130smail Ya\u015far, Theodoros Boulgarides, Mehmet Kuba\u015f\u0131k, Halit Yozgat und Mich\u00e8le Kiesewetter wurden zwischen 2000 und 2007 Opfer des selbst ernannten rechtsterroristischen \u201eNationalsozialistischen Untergrunds\u201c (NSU).<\/p>\n","protected":false},"excerpt":{"rendered":"Die Taten gelten als die gr\u00f6\u00dfte rechte Mord- und Anschlagsserie der Bundesrepublik Deutschland. Enver \u015eim\u015fek, Abdurrahim \u00d6z\u00fcdo\u011fru, S\u00fcleyman&hellip;\n","protected":false},"author":2,"featured_media":158674,"comment_status":"","ping_status":"","sticky":false,"template":"","format":"standard","meta":{"footnotes":"","_share_on_mastodon":"0"},"categories":[1838],"tags":[3807,11036,9180,3364,29,3715,2416,55539,30,55540,46473,1209,417,19170,17016,17185,524],"class_list":["post-158673","post","type-post","status-publish","format-standard","has-post-thumbnail","category-duisburg","tag-moers","tag-baum","tag-baeume","tag-de","tag-deutschland","tag-duisburg","tag-gedenkstaette","tag-gedenkstelle","tag-germany","tag-integrationsrat","tag-mehmet","tag-nordrhein-westfalen","tag-nsu","tag-opfer","tag-standort","tag-stelle","tag-strasse"],"share_on_mastodon":{"url":"https:\/\/pubeurope.com\/@de\/114612531659455792","error":""},"_links":{"self":[{"href":"https:\/\/www.europesays.com\/de\/wp-json\/wp\/v2\/posts\/158673","targetHints":{"allow":["GET"]}}],"collection":[{"href":"https:\/\/www.europesays.com\/de\/wp-json\/wp\/v2\/posts"}],"about":[{"href":"https:\/\/www.europesays.com\/de\/wp-json\/wp\/v2\/types\/post"}],"author":[{"embeddable":true,"href":"https:\/\/www.europesays.com\/de\/wp-json\/wp\/v2\/users\/2"}],"replies":[{"embeddable":true,"href":"https:\/\/www.europesays.com\/de\/wp-json\/wp\/v2\/comments?post=158673"}],"version-history":[{"count":0,"href":"https:\/\/www.europesays.com\/de\/wp-json\/wp\/v2\/posts\/158673\/revisions"}],"wp:featuredmedia":[{"embeddable":true,"href":"https:\/\/www.europesays.com\/de\/wp-json\/wp\/v2\/media\/158674"}],"wp:attachment":[{"href":"https:\/\/www.europesays.com\/de\/wp-json\/wp\/v2\/media?parent=158673"}],"wp:term":[{"taxonomy":"category","embeddable":true,"href":"https:\/\/www.europesays.com\/de\/wp-json\/wp\/v2\/categories?post=158673"},{"taxonomy":"post_tag","embeddable":true,"href":"https:\/\/www.europesays.com\/de\/wp-json\/wp\/v2\/tags?post=158673"}],"curies":[{"name":"wp","href":"https:\/\/api.w.org\/{rel}","templated":true}]}}