{"id":158752,"date":"2025-06-02T07:56:11","date_gmt":"2025-06-02T07:56:11","guid":{"rendered":"https:\/\/www.europesays.com\/de\/158752\/"},"modified":"2025-06-02T07:56:11","modified_gmt":"2025-06-02T07:56:11","slug":"so-hoch-ist-die-auslastung","status":"publish","type":"post","link":"https:\/\/www.europesays.com\/de\/158752\/","title":{"rendered":"So hoch ist die Auslastung"},"content":{"rendered":"<p>Auswertung <\/p>\n<p>So ausgelastet sind die Lades\u00e4ulen f\u00fcr E-Autos<\/p>\n<p>02.06.2025 &#8211; 08:31 UhrLesedauer: 1 Min.<\/p>\n<p><a href=\"#focus-0\" class=\"transition-colors duration-200 focus-within:text-magenta block text-current relative\" data-sctrack=\"FocusGalleryImage.Reference\"><img fetchpriority=\"high\" data-testid=\"Opener.Image\" style=\"--lqipURL:url('https:\/\/images.t-online.de\/2025\/04\/4wtmfLl8Wjbv\/0x14:4000x2250\/fit-in\/150x0\/filters:blur(25)\/ein-auto-laedt-an-einer-ladesaeule-in-muenchen-archivbild.jpg')\"   loading=\"eager\" src=\"https:\/\/www.europesays.com\/de\/wp-content\/uploads\/2025\/06\/ein-auto-laedt-an-einer-ladesaeule-in-muenchen-archivbild.jpg\" alt=\"Ein Auto l\u00e4dt an einer Lades\u00e4ule in M\u00fcnchen (Archivbild):\" title=\"Ein Auto l\u00e4dt an einer Lades\u00e4ule in M\u00fcnchen (Archivbild):\" width=\"4000\" height=\"2250\" class=\"bg-[url:var(--lqipURL)] bg-cover bg-center flex w-full max-w-full h-full\" decoding=\"async\"\/><img style=\"--width:32;--height:32\" loading=\"lazy\" src=\"https:\/\/www.europesays.com\/de\/wp-content\/uploads\/2025\/05\/zoom-in.f7dae02f.svg.svg+xml\" alt=\"Vergr\u00f6\u00dfern des Bildes\" title=\"Vergr\u00f6\u00dfern des Bildes\" class=\"&#10;        block&#10;        h-[calc(var(--height)_\/_16_*_1rem)]&#10;        w-[calc(var(--width)_\/_16_*_1rem)]&#10;        max-w-none&#10;        absolute bottom-8 right-8 rounded-4 bg-snow p-8\" decoding=\"async\"\/><\/a><\/p>\n<p>Ein Auto l\u00e4dt an einer Lades\u00e4ule in M\u00fcnchen (Archivbild): Die Auslastung ist nicht \u00fcberall gleich hoch. (Quelle: IMAGO\/Ralf Ibing)<\/p>\n<p class=\"font-bold text-18 leading-17\">Wie steht es um die Auslastung von E-Lades\u00e4ulen? Eine Auswertung zeigt: Sie ist sehr unterschiedlich verteilt.<\/p>\n<p class=\"text-18 leading-17\">Die Auslastung der \u00f6ffentlichen Lades\u00e4ulen in Deutschland steigt, bleibt aber weiterhin auf niedrigem Niveau. \u00dcber den gesamten Tag gesehen lag sie nach Angaben des Bundesverbands der Energie- und Wasserwirtschaft (BDEW) im zweiten Halbjahr 2024 durchschnittlich bei 17 Prozent. Im gesamten Jahr 2023 lag der Wert bei 14,5 Prozent.<\/p>\n<p class=\"text-18 leading-17\">Die st\u00e4rkste Nutzung gibt es dem Branchenverband zufolge tags\u00fcber an AC-Ladepunkten. Zeitgleich sind im Schnitt rund 22 Prozent belegt. Bei Schnellladern und Ultraschnellladern liegt die Belegungsquote deutlich unter 20 Prozent. Die gr\u00f6\u00dfte Chance, einen freien Ladepunkt zu finden, haben E-Autofahrer nachts an schnellen und ultraschnellen Lades\u00e4ulen \u2013 dort sind nur rund 8 Prozent zeitgleich belegt.<\/p>\n","protected":false},"excerpt":{"rendered":"Auswertung So ausgelastet sind die Lades\u00e4ulen f\u00fcr E-Autos 02.06.2025 &#8211; 08:31 UhrLesedauer: 1 Min. Ein Auto l\u00e4dt an&hellip;\n","protected":false},"author":2,"featured_media":158753,"comment_status":"","ping_status":"","sticky":false,"template":"","format":"standard","meta":{"footnotes":""},"categories":[134],"tags":[18596,513,175,170,169,29,30,27420,171,174,1268,173,172],"class_list":{"0":"post-158752","1":"post","2":"type-post","3":"status-publish","4":"format-standard","5":"has-post-thumbnail","7":"category-unternehmen-maerkte","8":"tag-auslastung","9":"tag-auto","10":"tag-business","11":"tag-companies","12":"tag-companies-markets","13":"tag-deutschland","14":"tag-germany","15":"tag-ladesaeule","16":"tag-markets","17":"tag-maerkte","18":"tag-muenchen","19":"tag-unternehmen","20":"tag-unternehmen-maerkte"},"share_on_mastodon":{"url":"https:\/\/pubeurope.com\/@de\/114612704707553858","error":""},"_links":{"self":[{"href":"https:\/\/www.europesays.com\/de\/wp-json\/wp\/v2\/posts\/158752","targetHints":{"allow":["GET"]}}],"collection":[{"href":"https:\/\/www.europesays.com\/de\/wp-json\/wp\/v2\/posts"}],"about":[{"href":"https:\/\/www.europesays.com\/de\/wp-json\/wp\/v2\/types\/post"}],"author":[{"embeddable":true,"href":"https:\/\/www.europesays.com\/de\/wp-json\/wp\/v2\/users\/2"}],"replies":[{"embeddable":true,"href":"https:\/\/www.europesays.com\/de\/wp-json\/wp\/v2\/comments?post=158752"}],"version-history":[{"count":0,"href":"https:\/\/www.europesays.com\/de\/wp-json\/wp\/v2\/posts\/158752\/revisions"}],"wp:featuredmedia":[{"embeddable":true,"href":"https:\/\/www.europesays.com\/de\/wp-json\/wp\/v2\/media\/158753"}],"wp:attachment":[{"href":"https:\/\/www.europesays.com\/de\/wp-json\/wp\/v2\/media?parent=158752"}],"wp:term":[{"taxonomy":"category","embeddable":true,"href":"https:\/\/www.europesays.com\/de\/wp-json\/wp\/v2\/categories?post=158752"},{"taxonomy":"post_tag","embeddable":true,"href":"https:\/\/www.europesays.com\/de\/wp-json\/wp\/v2\/tags?post=158752"}],"curies":[{"name":"wp","href":"https:\/\/api.w.org\/{rel}","templated":true}]}}