{"id":158800,"date":"2025-06-02T08:22:09","date_gmt":"2025-06-02T08:22:09","guid":{"rendered":"https:\/\/www.europesays.com\/de\/158800\/"},"modified":"2025-06-02T08:22:09","modified_gmt":"2025-06-02T08:22:09","slug":"usa-und-china-ueberziehen-sich-im-zollkonflikt-mit-vorwuerfen","status":"publish","type":"post","link":"https:\/\/www.europesays.com\/de\/158800\/","title":{"rendered":"USA und China \u00fcberziehen sich im Zollkonflikt mit Vorw\u00fcrfen"},"content":{"rendered":"<p class=\"metatextline\">Stand: 02.06.2025 10:19 Uhr<\/p>\n<p class=\"textabsatz columns twelve  m-ten  m-offset-one l-eight l-offset-two\">\n        <strong>Ist das Zollabkommen zwischen USA und China in Gefahr? Beide Parteien werfen einander vor, die Gegenseite halte sich nicht an Vereinbarungen. China profitiert derzeit von der aktuellen Zoll-Pause. <\/strong>\n    <\/p>\n<p class=\"textabsatz m-ten m-offset-one l-eight l-offset-two columns twelve\">\nIm Handelsstreit zwischen den USA und China hat die chinesische Regierung heute Vorw\u00fcrfe aus Washington zur\u00fcckgewiesen, die Volksrepublik habe gegen die Vereinbarung zur Senkung der gegenseitigen Z\u00f6lle versto\u00dfen. Das Handelsministerium in Peking erkl\u00e4rte, die US-Regierung habe &#8222;falsche Anschuldigungen erhoben und China in unangemessener Weise beschuldigt&#8220;.<\/p>\n<p class=\"textabsatz m-ten m-offset-one l-eight l-offset-two columns twelve\">\nChina weise diese Anschuldigungen entschieden zur\u00fcck. Statt sich selbstkritisch mit dem eigenen Verhalten auseinanderzusetzen, beschuldige die US-Seite unbegr\u00fcndet China, den Konsens verletzt zu haben.<\/p>\n<p class=\"textabsatz m-ten m-offset-one l-eight l-offset-two columns twelve\">\nFerner habe die US-Seite nach den Genfer Gespr\u00e4chen &#8222;fortlaufend neue diskriminierende Beschr\u00e4nkungen gegen\u00fcber China erlassen&#8220;. Konkret nannte es Ma\u00dfnahmen, die den Verkauf von KI-Chips und Chip-Design-Software nach China weiter einschr\u00e4nkten, sowie die Ank\u00fcndigung einer Annullierung von Visa chinesischer Studierender in den USA.<\/p>\n<p>    Streitpunkt Seltene Erden<\/p>\n<p class=\"textabsatz m-ten m-offset-one l-eight l-offset-two columns twelve\">\nDie USA und China hatten sich Mitte Mai darauf verst\u00e4ndigt, die gegenseitigen Z\u00f6lle f\u00fcr zun\u00e4chst 90 Tage <a href=\"https:\/\/www.tagesschau.de\/wirtschaft\/weltwirtschaft\/china-usa-zoelle-118.html\" title=\"USA und China setzen einen Teil ihrer gegenseitigen Z\u00f6lle aus\" rel=\"nofollow noopener\" target=\"_blank\">stark zu reduzieren<\/a> von 145 auf 30 Prozent auf die meisten chinesische Produkte und von 125 auf zehn Prozent auf die meisten US-Produkte.\u00a0<\/p>\n<p class=\"textabsatz m-ten m-offset-one l-eight l-offset-two columns twelve\">\nDer US-Pr\u00e4sident bezeichnete eine \u00d6ffnung Chinas damals als wichtigstes Ziel und gab an, dass China dem zugestimmt habe. Zuletzt hatte die US-Regierung den Ton gegen\u00fcber China aber wieder versch\u00e4rft. &#8222;Die schlechte Nachricht ist, dass China, was einige vielleicht nicht \u00fcberrascht, seine Vereinbarung mit uns v\u00f6llig gebrochen hat&#8220;, hatte US-Pr\u00e4sident Donald Trump am vergangenen Freitag auf seiner Online-Plattform Truth Social erkl\u00e4rt. Woran er die Verletzung der Vereinbarung festmacht, f\u00fchrte er in dem Post nicht aus.<\/p>\n<p class=\"textabsatz m-ten m-offset-one l-eight l-offset-two columns twelve\">\nDer US-Handelsbeauftragte Jamieson Greer warf der chinesischen Seite konkret vor, bei Ausfuhrgenehmigungen f\u00fcr Seltene Erden zu &#8222;bremsen&#8220;. Chinas Handelsministerium wiederum erkl\u00e4rte, die USA h\u00e4tten &#8222;eine Reihe diskriminierender Ma\u00dfnahmen&#8220; eingef\u00fchrt &#8211; etwa Exportkontrollen f\u00fcr Hochleistungschips oder den Visastopp f\u00fcr chinesische Studierende.\u00a0<\/p>\n<p>    Reden die Pr\u00e4sidenten miteinander?<\/p>\n<p class=\"textabsatz m-ten m-offset-one l-eight l-offset-two columns twelve\">\nUS-Finanzminister Scott Bessent sagte gestern dem US-Sender CBS, m\u00f6glich sei ein baldiges Telefonat zwischen Trump und dem chinesischen Pr\u00e4sidenten Xi Jinping. Er sei \u00fcberzeugt, ein solches Gespr\u00e4ch werde das Problem l\u00f6sen. Das Handelsministerium in Peking ging darauf heute nicht ein.\u00a0<\/p>\n<p class=\"textabsatz m-ten m-offset-one l-eight l-offset-two columns twelve\">\nAktuellen chinesischen Konjunkturdaten zufolge profitiert Chinas Industrie von der aktuellen Pause im Handelskonflikt. Der offizielle Einkaufsmanagerindex f\u00fcr das verarbeitende Gewerbe hat sich im Mai etwas verbessert, da die Lieferungen in die USA aufgrund der 90-t\u00e4gigen Zollpause, die Mitte August ausl\u00e4uft, wieder aufgenommen und vorgezogen wurden. Allerdings bleibt der Wert knapp unter der sogenannten Expansionsschwelle von 50 Punkten.<\/p>\n","protected":false},"excerpt":{"rendered":"Stand: 02.06.2025 10:19 Uhr Ist das Zollabkommen zwischen USA und China in Gefahr? Beide Parteien werfen einander vor,&hellip;\n","protected":false},"author":2,"featured_media":158801,"comment_status":"","ping_status":"","sticky":false,"template":"","format":"standard","meta":{"footnotes":""},"categories":[3977],"tags":[331,332,227,13,14,15,12,1052,113,4017,4018,4016,64,4019,4020,14047],"class_list":{"0":"post-158800","1":"post","2":"type-post","3":"status-publish","4":"format-standard","5":"has-post-thumbnail","7":"category-usa","8":"tag-aktuelle-nachrichten","9":"tag-aktuelle-news","10":"tag-china","11":"tag-headlines","12":"tag-nachrichten","13":"tag-news","14":"tag-schlagzeilen","15":"tag-strafzoelle","16":"tag-trump","17":"tag-united-states","18":"tag-united-states-of-america","19":"tag-us","20":"tag-usa","21":"tag-vereinigte-staaten","22":"tag-vereinigte-staaten-von-amerika","23":"tag-zollkonflikt"},"share_on_mastodon":{"url":"https:\/\/pubeurope.com\/@de\/114612806848713153","error":""},"_links":{"self":[{"href":"https:\/\/www.europesays.com\/de\/wp-json\/wp\/v2\/posts\/158800","targetHints":{"allow":["GET"]}}],"collection":[{"href":"https:\/\/www.europesays.com\/de\/wp-json\/wp\/v2\/posts"}],"about":[{"href":"https:\/\/www.europesays.com\/de\/wp-json\/wp\/v2\/types\/post"}],"author":[{"embeddable":true,"href":"https:\/\/www.europesays.com\/de\/wp-json\/wp\/v2\/users\/2"}],"replies":[{"embeddable":true,"href":"https:\/\/www.europesays.com\/de\/wp-json\/wp\/v2\/comments?post=158800"}],"version-history":[{"count":0,"href":"https:\/\/www.europesays.com\/de\/wp-json\/wp\/v2\/posts\/158800\/revisions"}],"wp:featuredmedia":[{"embeddable":true,"href":"https:\/\/www.europesays.com\/de\/wp-json\/wp\/v2\/media\/158801"}],"wp:attachment":[{"href":"https:\/\/www.europesays.com\/de\/wp-json\/wp\/v2\/media?parent=158800"}],"wp:term":[{"taxonomy":"category","embeddable":true,"href":"https:\/\/www.europesays.com\/de\/wp-json\/wp\/v2\/categories?post=158800"},{"taxonomy":"post_tag","embeddable":true,"href":"https:\/\/www.europesays.com\/de\/wp-json\/wp\/v2\/tags?post=158800"}],"curies":[{"name":"wp","href":"https:\/\/api.w.org\/{rel}","templated":true}]}}