{"id":158810,"date":"2025-06-02T08:28:20","date_gmt":"2025-06-02T08:28:20","guid":{"rendered":"https:\/\/www.europesays.com\/de\/158810\/"},"modified":"2025-06-02T08:28:20","modified_gmt":"2025-06-02T08:28:20","slug":"bruessel-und-berlin-hoffen-auf-gute-zusammenarbeit-mit-nawrocki","status":"publish","type":"post","link":"https:\/\/www.europesays.com\/de\/158810\/","title":{"rendered":"Br\u00fcssel und Berlin hoffen auf gute Zusammenarbeit mit Nawrocki"},"content":{"rendered":"<p class=\"metatextline\">Stand: 02.06.2025 10:15 Uhr<\/p>\n<p class=\"textabsatz columns twelve  m-ten  m-offset-one l-eight l-offset-two\">\n        <strong>Im Wahlkampf sorgte Karol Nawrocki mit Aussagen in Br\u00fcssel und Berlin f\u00fcr Unruhe. Aus beiden St\u00e4dten kamen nach dessen Wahlsieg Gratulationen &#8211; mit Zwischent\u00f6nen. Der CDU-Politiker Ziemiak spricht von einer &#8222;Z\u00e4sur&#8220;.<\/strong>\n    <\/p>\n<p class=\"textabsatz m-ten m-offset-one l-eight l-offset-two columns twelve\">\nEU-Kommissionspr\u00e4sidentin Ursula von der Leyen hat dem designierten polnischen Pr\u00e4sidenten Karol Nawrocki nach dessen Sieg in der Stichwahl gratuliert und dabei die Bedeutung guter Zusammenarbeit hervorgehoben. Sie sei zuversichtlich, dass die EU die &#8222;sehr gute Zusammenarbeit&#8220; mit Polen fortsetzen werde. &#8222;Lassen Sie uns daran arbeiten, die Sicherheit und den Wohlstand unserer gemeinsamen Heimat zu gew\u00e4hrleisten&#8220;, schrieb sie im Onlinedienst Bluesky. &#8222;Wir sind zusammen alle st\u00e4rker in unserer Gemeinschaft des Friedens, der Demokratie und Werte.&#8220;<\/p>\n<p class=\"textabsatz m-ten m-offset-one l-eight l-offset-two columns twelve\">\nIm Wahlkampf hatte sich Nawrocki mehrfach EU-kritisch ge\u00e4u\u00dfert. Sein Land werde sich nichts aus Br\u00fcssel vorschreiben lassen. Als Pr\u00e4sident k\u00f6nnte Nawrocki Gesetzesvorgaben der EU-freundlichen Tusk-Regierung verhindern.<\/p>\n<p>    Steinmeier l\u00e4dt Nawrocki ein<\/p>\n<p class=\"textabsatz m-ten m-offset-one l-eight l-offset-two columns twelve\">\n\u00c4hnlich die Reaktion von Bundespr\u00e4sident Frank-Walter Steinmeier. Er gratulierte Nawrocki zu seinem Sieg und betonte die deutsch-polnische Freundschaft. &#8222;Lassen Sie uns gemeinsam die Freundschaft unserer V\u00f6lker st\u00e4rken&#8220;, so Steinmeier. &#8222;Ein starkes Europa braucht eine gute deutsch-polnische Zusammenarbeit.&#8220;<\/p>\n<p class=\"textabsatz m-ten m-offset-one l-eight l-offset-two columns twelve\">\nDeutschland wisse um seine immerw\u00e4hrende Verantwortung f\u00fcr das gro\u00dfe Leid, das Deutsche \u00fcber Polen gebracht h\u00e4tten. &#8222;Umso dankbarer sind wir, dass Polen und Deutschland heute als enge Partner in der Europ\u00e4ischen Union und der NATO Seite an Seite stehen.&#8220;<\/p>\n<p class=\"textabsatz m-ten m-offset-one l-eight l-offset-two columns twelve\">\nDeutschland und Polen m\u00fcssten &#8222;auf dem Fundament von Demokratie und Rechtsstaatlichkeit&#8220; zusammenarbeiten, erkl\u00e4rte Steinmeier. Nur so k\u00f6nne &#8222;eine Zukunft Europas in Sicherheit, Freiheit und Wohlstand&#8220; gesichert werden. Steinmeier lud Nawrocki nach Berlin ein und \u00e4u\u00dferte seine Hoffnung, Europa k\u00f6nne in dieser &#8222;sehr herausfordernden Zeit&#8220; auf Polen z\u00e4hlen.<\/p>\n<p>    &#8222;Fundamental wichtig&#8220; f\u00fcr Europa<\/p>\n<p class=\"textabsatz m-ten m-offset-one l-eight l-offset-two columns twelve\">\nNach Ansicht des CDU-Au\u00dfenpolitikers Paul Ziemiak wird die deutsch-polnische Zusammenarbeit nun nicht einfacher. Er sprach im ARD-Morgenmagazin von einer Z\u00e4sur und erinnerte daran, dass Nawrocki im Wahlkampf auch antideutsche T\u00f6ne angeschlagen habe. Trotzdem sollte er eine Chance bekommen.<\/p>\n<p class=\"textabsatz m-ten m-offset-one l-eight l-offset-two columns twelve\">\nEr sagte, Bundeskanzler Friedrich Merz sei der festen \u00dcberzeugung, dass es ein starkes Verh\u00e4ltnis von Frankreich, Deutschland und Polen brauche. Die deutsch-polnische Zusammenarbeit sei &#8222;fundamental wichtig&#8220; f\u00fcr Europa, sagte Ziemiak, der Koordinator der Bundesregierung f\u00fcr die deutsch-polnische Zusammenarbeit ist. Gerade wenn es schwer werde, m\u00fcsse daf\u00fcr gearbeitet werden.<\/p>\n<p class=\"textabsatz m-ten m-offset-one l-eight l-offset-two columns twelve\">\nDer Wahlkampf habe die starke Polarisierung Polens gezeigt. Ziemiak wertete das Ergebnis als Protestwahl. Die Wahl des politischen Neulings sei ein Protest &#8222;gegen bisher sehr bekannte Gesichter&#8220; in der polnischen Politik.<\/p>\n<p class=\"textabsatz m-ten m-offset-one l-eight l-offset-two columns twelve\">\nNawrocki hatte sich in der <a href=\"https:\/\/www.tagesschau.de\/ausland\/europa\/polen-praesident-nawrocki-100.html\" title=\"Rechtskonservativer Nawrocki gewinnt Pr\u00e4sidentschaftswahl in Polen\" target=\"_blank\" rel=\"noopener\">Stichwahl knapp gegen den liberalen Kandidaten Rafal Trzaskowski<\/a> durchgesetzt. Nawrocki ist offiziell parteilos, trat aber als Kandidat der rechtskonservativen PiS an.<\/p>\n","protected":false},"excerpt":{"rendered":"Stand: 02.06.2025 10:15 Uhr Im Wahlkampf sorgte Karol Nawrocki mit Aussagen in Br\u00fcssel und Berlin f\u00fcr Unruhe. Aus&hellip;\n","protected":false},"author":2,"featured_media":158811,"comment_status":"","ping_status":"","sticky":false,"template":"","format":"standard","meta":{"footnotes":""},"categories":[3933],"tags":[331,332,548,663,158,3934,3935,13,14,55486,15,3917,12,4696],"class_list":{"0":"post-158810","1":"post","2":"type-post","3":"status-publish","4":"format-standard","5":"has-post-thumbnail","7":"category-eu","8":"tag-aktuelle-nachrichten","9":"tag-aktuelle-news","10":"tag-eu","11":"tag-europa","12":"tag-europaeische-union","13":"tag-europe","14":"tag-european-union","15":"tag-headlines","16":"tag-nachrichten","17":"tag-nawrocki","18":"tag-news","19":"tag-polen","20":"tag-schlagzeilen","21":"tag-steinmeier"},"share_on_mastodon":{"url":"https:\/\/pubeurope.com\/@de\/114612830374952203","error":""},"_links":{"self":[{"href":"https:\/\/www.europesays.com\/de\/wp-json\/wp\/v2\/posts\/158810","targetHints":{"allow":["GET"]}}],"collection":[{"href":"https:\/\/www.europesays.com\/de\/wp-json\/wp\/v2\/posts"}],"about":[{"href":"https:\/\/www.europesays.com\/de\/wp-json\/wp\/v2\/types\/post"}],"author":[{"embeddable":true,"href":"https:\/\/www.europesays.com\/de\/wp-json\/wp\/v2\/users\/2"}],"replies":[{"embeddable":true,"href":"https:\/\/www.europesays.com\/de\/wp-json\/wp\/v2\/comments?post=158810"}],"version-history":[{"count":0,"href":"https:\/\/www.europesays.com\/de\/wp-json\/wp\/v2\/posts\/158810\/revisions"}],"wp:featuredmedia":[{"embeddable":true,"href":"https:\/\/www.europesays.com\/de\/wp-json\/wp\/v2\/media\/158811"}],"wp:attachment":[{"href":"https:\/\/www.europesays.com\/de\/wp-json\/wp\/v2\/media?parent=158810"}],"wp:term":[{"taxonomy":"category","embeddable":true,"href":"https:\/\/www.europesays.com\/de\/wp-json\/wp\/v2\/categories?post=158810"},{"taxonomy":"post_tag","embeddable":true,"href":"https:\/\/www.europesays.com\/de\/wp-json\/wp\/v2\/tags?post=158810"}],"curies":[{"name":"wp","href":"https:\/\/api.w.org\/{rel}","templated":true}]}}