{"id":158835,"date":"2025-06-02T08:42:14","date_gmt":"2025-06-02T08:42:14","guid":{"rendered":"https:\/\/www.europesays.com\/de\/158835\/"},"modified":"2025-06-02T08:42:14","modified_gmt":"2025-06-02T08:42:14","slug":"bremen-zwei-autos-brennen-in-der-nacht-zu-montag-regional","status":"publish","type":"post","link":"https:\/\/www.europesays.com\/de\/158835\/","title":{"rendered":"Bremen: Zwei Autos brennen in der Nacht zu Montag | Regional"},"content":{"rendered":"<p>Bremen \u2013 <b>In der Nacht auf Montag haben in Bremen-Walle zwei Autos gebrannt.<\/b><\/p>\n<p>Der Vorfall ereignete sich um 23.40 Uhr in der Elisabethstra\u00dfe, als ein Renault in Flammen aufging. Das Feuer griff schnell auf einen dahinter geparkten Mercedes \u00fcber. Die Feuerwehr war rasch vor Ort und konnte die Br\u00e4nde l\u00f6schen.<\/p>\n<p>Ein Verd\u00e4chtiger wurde dabei beobachtet, wie er vom Brandort fl\u00fcchtete. Er trug eine blaue Jeans, eine schwarze Jacke und braune Schuhe.<\/p>\n<p>Die Polizei ermittelt wegen Brandstiftung und bittet Zeugen, sich beim Kriminaldauerdienst unter der Telefonnummer 0421 362-3888 zu melden.<\/p>\n<p>Dieser Text basiert auf einer offiziellen Beh\u00f6rden-Information und wurde mit Hilfe von KI erstellt.<\/p>\n","protected":false},"excerpt":{"rendered":"Bremen \u2013 In der Nacht auf Montag haben in Bremen-Walle zwei Autos gebrannt. Der Vorfall ereignete sich um&hellip;\n","protected":false},"author":2,"featured_media":158721,"comment_status":"","ping_status":"","sticky":false,"template":"","format":"standard","meta":{"footnotes":""},"categories":[1824],"tags":[2420,3364,29,985,30,2509,121,45,1995],"class_list":{"0":"post-158835","1":"post","2":"type-post","3":"status-publish","4":"format-standard","5":"has-post-thumbnail","7":"category-bremen","8":"tag-bremen","9":"tag-de","10":"tag-deutschland","11":"tag-feuerwehr","12":"tag-germany","13":"tag-ki-ots","14":"tag-polizei","15":"tag-texttospeech","16":"tag-verbrechen"},"share_on_mastodon":{"url":"https:\/\/pubeurope.com\/@de\/114612885653120051","error":""},"_links":{"self":[{"href":"https:\/\/www.europesays.com\/de\/wp-json\/wp\/v2\/posts\/158835","targetHints":{"allow":["GET"]}}],"collection":[{"href":"https:\/\/www.europesays.com\/de\/wp-json\/wp\/v2\/posts"}],"about":[{"href":"https:\/\/www.europesays.com\/de\/wp-json\/wp\/v2\/types\/post"}],"author":[{"embeddable":true,"href":"https:\/\/www.europesays.com\/de\/wp-json\/wp\/v2\/users\/2"}],"replies":[{"embeddable":true,"href":"https:\/\/www.europesays.com\/de\/wp-json\/wp\/v2\/comments?post=158835"}],"version-history":[{"count":0,"href":"https:\/\/www.europesays.com\/de\/wp-json\/wp\/v2\/posts\/158835\/revisions"}],"wp:featuredmedia":[{"embeddable":true,"href":"https:\/\/www.europesays.com\/de\/wp-json\/wp\/v2\/media\/158721"}],"wp:attachment":[{"href":"https:\/\/www.europesays.com\/de\/wp-json\/wp\/v2\/media?parent=158835"}],"wp:term":[{"taxonomy":"category","embeddable":true,"href":"https:\/\/www.europesays.com\/de\/wp-json\/wp\/v2\/categories?post=158835"},{"taxonomy":"post_tag","embeddable":true,"href":"https:\/\/www.europesays.com\/de\/wp-json\/wp\/v2\/tags?post=158835"}],"curies":[{"name":"wp","href":"https:\/\/api.w.org\/{rel}","templated":true}]}}