{"id":158840,"date":"2025-06-02T08:45:09","date_gmt":"2025-06-02T08:45:09","guid":{"rendered":"https:\/\/www.europesays.com\/de\/158840\/"},"modified":"2025-06-02T08:45:09","modified_gmt":"2025-06-02T08:45:09","slug":"hza-do-zoll-geht-gegen-kriminalitaet-im-glasfaserausbau-vor-durchsuchungs-und","status":"publish","type":"post","link":"https:\/\/www.europesays.com\/de\/158840\/","title":{"rendered":"HZA-DO: Zoll geht gegen Kriminalit\u00e4t im Glasfaserausbau vor \/ Durchsuchungs- und &#8230;"},"content":{"rendered":"<p class=\"date\">02.06.2025 \u2013 10:38<\/p>\n<p class=\"customer\">\n                        <a class=\"story-customer\" title=\"weiter zum newsroom von Hauptzollamt Dortmund\" href=\"https:\/\/www.presseportal.de\/blaulicht\/nr\/121242\" target=\"_blank\" rel=\"noopener\">Hauptzollamt Dortmund<\/a>\n                    <\/p>\n<p><a data-category=\"citylink-story-view\" data-action=\"click\" data-label=\"Citylink in Meldungsansicht\" class=\"story-city event-trigger\" href=\"https:\/\/www.presseportal.de\/regional\/Kirchhundem%252FNetphen%252FSiegen\" title=\"News aus Kirchhundem\/Netphen\/Siegen \" target=\"_blank\" rel=\"noopener\">Kirchhundem\/Netphen\/Siegen<\/a> (ots)<\/p>\n<p>Die Finanzkontrolle Schwarzarbeit des Hauptzollamts Dortmund hat am 27. Mai 2025 im Auftrag der Staatsanwaltschaft Siegen in vier Objekten in Kirchhundem, Netphen und Siegen Wohn- und Gesch\u00e4ftsr\u00e4ume durchsucht. Es wurden zahlreiche Beweismittel wie Buchhaltungsunterlagen, Firmen-IT und digitale Datentr\u00e4ger sichergestellt.<br \/>\nDen Gesch\u00e4ftsf\u00fchrern einer Baufirma, die bundesweit im Breitbandausbau t\u00e4tig ist, wird unter anderem das Vorenthalten von Sozialversicherungsbeitr\u00e4gen in gro\u00dfem Ausma\u00df vorgeworfen.<br \/>\nNach den Feststellungen der Ermittler wurden Scheinrechnungen von angeblichen Subunternehmern in mindestens sechsstelliger H\u00f6he eingekauft.<\/p>\n<p>Die Ermittlungen stehen in Zusammenhang mit weiteren Verfahren des Hauptzollamtes Osnabr\u00fcck. Dort wurden in Nordhorn und Spelle zeitgleich vier weitere Objekte durchsucht. Dabei kam es neben der Beschlagnahme von Beweismaterial und inkriminiertem Verm\u00f6gen auch zur vorl\u00e4ufigen Festnahme von drei illegal aufh\u00e4ltigen Bauarbeitern.<\/p>\n<p class=\"contact-headline\">R\u00fcckfragen bitte an:<\/p>\n<p class=\"contact-text\">Hauptzollamt Dortmund<br \/>Pressesprecherin<br \/>Andrea M\u00fcnch<br \/>Telefon: 0231-9571-1030<br \/>E-Mail: <a href=\"https:\/\/www.presseportal.de\/blaulicht\/pm\/121242\/mailto: presse.hza-dortmund@zoll.bund.de\" class=\"uri-mailto\" target=\"_blank\" rel=\"noopener\"> presse.hza-dortmund@zoll.bund.de<\/a><br \/><a target=\"_blank\" class=\"uri-ext outbound\" rel=\"noopener\" href=\"https:\/\/www.zoll.de\">www.zoll.de<\/a><\/p>\n<p class=\"originator\">Original-Content von: Hauptzollamt Dortmund, \u00fcbermittelt durch news aktuell<\/p>\n","protected":false},"excerpt":{"rendered":"02.06.2025 \u2013 10:38 Hauptzollamt Dortmund Kirchhundem\/Netphen\/Siegen (ots) Die Finanzkontrolle Schwarzarbeit des Hauptzollamts Dortmund hat am 27. Mai 2025&hellip;\n","protected":false},"author":2,"featured_media":108,"comment_status":"","ping_status":"","sticky":false,"template":"","format":"standard","meta":{"footnotes":""},"categories":[1833],"tags":[3364,29,217,30,5404,1209,176,178,180,179,181,5719,615],"class_list":{"0":"post-158840","1":"post","2":"type-post","3":"status-publish","4":"format-standard","5":"has-post-thumbnail","7":"category-dortmund","8":"tag-de","9":"tag-deutschland","10":"tag-dortmund","11":"tag-germany","12":"tag-ni","13":"tag-nordrhein-westfalen","14":"tag-nrw","15":"tag-presse","16":"tag-pressemeldung","17":"tag-pressemitteilung","18":"tag-pressemitteilungen","19":"tag-schwarzarbeit","20":"tag-zoll"},"share_on_mastodon":{"url":"https:\/\/pubeurope.com\/@de\/114612897718945085","error":""},"_links":{"self":[{"href":"https:\/\/www.europesays.com\/de\/wp-json\/wp\/v2\/posts\/158840","targetHints":{"allow":["GET"]}}],"collection":[{"href":"https:\/\/www.europesays.com\/de\/wp-json\/wp\/v2\/posts"}],"about":[{"href":"https:\/\/www.europesays.com\/de\/wp-json\/wp\/v2\/types\/post"}],"author":[{"embeddable":true,"href":"https:\/\/www.europesays.com\/de\/wp-json\/wp\/v2\/users\/2"}],"replies":[{"embeddable":true,"href":"https:\/\/www.europesays.com\/de\/wp-json\/wp\/v2\/comments?post=158840"}],"version-history":[{"count":0,"href":"https:\/\/www.europesays.com\/de\/wp-json\/wp\/v2\/posts\/158840\/revisions"}],"wp:featuredmedia":[{"embeddable":true,"href":"https:\/\/www.europesays.com\/de\/wp-json\/wp\/v2\/media\/108"}],"wp:attachment":[{"href":"https:\/\/www.europesays.com\/de\/wp-json\/wp\/v2\/media?parent=158840"}],"wp:term":[{"taxonomy":"category","embeddable":true,"href":"https:\/\/www.europesays.com\/de\/wp-json\/wp\/v2\/categories?post=158840"},{"taxonomy":"post_tag","embeddable":true,"href":"https:\/\/www.europesays.com\/de\/wp-json\/wp\/v2\/tags?post=158840"}],"curies":[{"name":"wp","href":"https:\/\/api.w.org\/{rel}","templated":true}]}}